{"id":22642,"date":"2026-02-20T01:20:39","date_gmt":"2026-02-20T01:20:39","guid":{"rendered":"https:\/\/acronoticias.com\/index.php\/2026\/02\/20\/regional-17-de-educacion-y-adp-analizan-resultados-de-pruebas-nacionales-y-evaluacion-de-desempeno-docente\/"},"modified":"2026-02-20T01:20:39","modified_gmt":"2026-02-20T01:20:39","slug":"regional-17-de-educacion-y-adp-analizan-resultados-de-pruebas-nacionales-y-evaluacion-de-desempeno-docente","status":"publish","type":"post","link":"https:\/\/acronoticias.com\/index.php\/2026\/02\/20\/regional-17-de-educacion-y-adp-analizan-resultados-de-pruebas-nacionales-y-evaluacion-de-desempeno-docente\/","title":{"rendered":"Regional 17 de Educaci\u00f3n y ADP analizan resultados de Pruebas Nacionales y Evaluaci\u00f3n de Desempe\u00f1o docente"},"content":{"rendered":"<div>\n<p data-start=\"461\" data-end=\"832\">Durante la reuni\u00f3n se evaluaron los indicadores obtenidos en las Pruebas Nacionales, destac\u00e1ndose la necesidad de fortalecer las estrategias pedag\u00f3gicas para elevar el rendimiento acad\u00e9mico de los estudiantes. Las autoridades educativas y el gremio coincidieron en la importancia de dise\u00f1ar acciones conjuntas que impacten positivamente en la calidad de los aprendizajes.<\/p>\n<p data-start=\"834\" data-end=\"1090\">Asimismo, se abordaron los procesos de Evaluaci\u00f3n de Desempe\u00f1o docente, orientados a garantizar est\u00e1ndares de calidad educativa y promover el desarrollo profesional continuo del personal docente, como parte de las pol\u00edticas de mejora del sistema educativo.<\/p>\n<div class=\"tiled-gallery type-rectangular tiled-gallery-unresized\" data-original-width=\"640\" data-carousel-extra=\"null\" itemscope=\"\" itemtype=\"http:\/\/schema.org\/ImageGallery\">\n<div class=\"gallery-row\" style=\"width: 640px; height: 428px;\" data-original-width=\"640\" data-original-height=\"428\">\n<div class=\"gallery-group images-1\" style=\"width: 640px; height: 428px;\" data-original-width=\"640\" data-original-height=\"428\">\n<div class=\"tiled-gallery-item tiled-gallery-item-large\" itemprop=\"associatedMedia\" itemscope=\"\" itemtype=\"http:\/\/schema.org\/ImageObject\"> <a href=\"https:\/\/elnuevodiario.com.do\/regional-17-de-educacion-y-adp-analizan-resultados-de-pruebas-nacionales-y-evaluacion-de-desempeno-docente\/regional-17-de-educacion-y-adp-analizan-resultados-de-pruebas-nacionales-y-evaluacion-de-desempeno-docente\/\" border=\"0\" itemprop=\"url\"> <meta itemprop=\"width\" content=\"636\"\/> <meta itemprop=\"height\" content=\"424\"\/> <img decoding=\"async\" class=\"\" data-attachment-id=\"3022241\" src=\"https:\/\/nuevodiario-assets.s3.us-east-2.amazonaws.com\/wp-content\/uploads\/2026\/02\/Regional-17-de-Educacion-y-ADP-analizan-resultados-de-Pruebas-Nacionales-y-Evaluacion-de-Desempeno-docente.jpeg\" data-orig-size=\"1600,1066\" data-comments-opened=\"\" data-image-meta=\"{&quot;aperture&quot;:&quot;0&quot;,&quot;credit&quot;:&quot;&quot;,&quot;camera&quot;:&quot;&quot;,&quot;caption&quot;:&quot;&quot;,&quot;created_timestamp&quot;:&quot;0&quot;,&quot;copyright&quot;:&quot;&quot;,&quot;focal_length&quot;:&quot;0&quot;,&quot;iso&quot;:&quot;0&quot;,&quot;shutter_speed&quot;:&quot;0&quot;,&quot;title&quot;:&quot;&quot;,&quot;orientation&quot;:&quot;0&quot;}\" data-image-title=\"Regional 17 de Educaci\u00f3n y ADP analizan resultados de Pruebas Nacionales y Evaluaci\u00f3n de Desempe\u00f1o docente\" data-image-description=\"\" data-medium-file=\"https:\/\/i0.wp.com\/nuevodiario-assets.s3.us-east-2.amazonaws.com\/wp-content\/uploads\/2026\/02\/Regional-17-de-Educacion-y-ADP-analizan-resultados-de-Pruebas-Nacionales-y-Evaluacion-de-Desempeno-docente.jpeg?fit=400%2C267&amp;quality=100&amp;ssl=1\" data-large-file=\"https:\/\/i0.wp.com\/nuevodiario-assets.s3.us-east-2.amazonaws.com\/wp-content\/uploads\/2026\/02\/Regional-17-de-Educacion-y-ADP-analizan-resultados-de-Pruebas-Nacionales-y-Evaluacion-de-Desempeno-docente.jpeg?fit=640%2C426&amp;quality=100&amp;ssl=1\" srcset=\"https:\/\/nuevodiario-assets.s3.us-east-2.amazonaws.com\/wp-content\/uploads\/2026\/02\/Regional-17-de-Educacion-y-ADP-analizan-resultados-de-Pruebas-Nacionales-y-Evaluacion-de-Desempeno-docente.jpeg 1600w, https:\/\/nuevodiario-assets.s3.us-east-2.amazonaws.com\/wp-content\/uploads\/2026\/02\/Regional-17-de-Educacion-y-ADP-analizan-resultados-de-Pruebas-Nacionales-y-Evaluacion-de-Desempeno-docente.jpeg 400w, https:\/\/nuevodiario-assets.s3.us-east-2.amazonaws.com\/wp-content\/uploads\/2026\/02\/Regional-17-de-Educacion-y-ADP-analizan-resultados-de-Pruebas-Nacionales-y-Evaluacion-de-Desempeno-docente.jpeg 800w, https:\/\/nuevodiario-assets.s3.us-east-2.amazonaws.com\/wp-content\/uploads\/2026\/02\/Regional-17-de-Educacion-y-ADP-analizan-resultados-de-Pruebas-Nacionales-y-Evaluacion-de-Desempeno-docente.jpeg 768w, https:\/\/nuevodiario-assets.s3.us-east-2.amazonaws.com\/wp-content\/uploads\/2026\/02\/Regional-17-de-Educacion-y-ADP-analizan-resultados-de-Pruebas-Nacionales-y-Evaluacion-de-Desempeno-docente.jpeg 1536w, https:\/\/nuevodiario-assets.s3.us-east-2.amazonaws.com\/wp-content\/uploads\/2026\/02\/Regional-17-de-Educacion-y-ADP-analizan-resultados-de-Pruebas-Nacionales-y-Evaluacion-de-Desempeno-docente.jpeg 600w, https:\/\/nuevodiario-assets.s3.us-east-2.amazonaws.com\/wp-content\/uploads\/2026\/02\/Regional-17-de-Educacion-y-ADP-analizan-resultados-de-Pruebas-Nacionales-y-Evaluacion-de-Desempeno-docente.jpeg 1280w\" width=\"636\" height=\"424\" loading=\"lazy\" data-original-width=\"636\" data-original-height=\"424\" itemprop=\"http:\/\/schema.org\/image\" title=\"Regional 17 de Educaci\u00f3n y ADP analizan resultados de Pruebas Nacionales y Evaluaci\u00f3n de Desempe\u00f1o docente\" alt=\"Regional 17 de Educaci\u00f3n y ADP analizan resultados de Pruebas Nacionales y Evaluaci\u00f3n de Desempe\u00f1o docente\" style=\"width: 636px; height: 424px;\"\/> <\/a> <\/div>\n<\/p><\/div>\n<p> <!-- close group --> <\/div>\n<p> <!-- close row --> <\/div>\n<p data-start=\"1092\" data-end=\"1359\">En el encuentro tambi\u00e9n se trat\u00f3 el tema de la infraestructura escolar, con la participaci\u00f3n de Jos\u00e9 Vladimir Pimentel Custodio, director de Infraestructura Escolar, quien ofreci\u00f3 orientaciones sobre las mejoras necesarias en los centros educativos de la demarcaci\u00f3n.<\/p>\n<p data-start=\"1361\" data-end=\"1705\">Como parte de la agenda, fue presentada oficialmente Primitiva Medina como nueva representante de la ADP en la Regional 17, en sustituci\u00f3n de Sixto Gab\u00edn. El director regional agradeci\u00f3 la labor desempe\u00f1ada por el dirigente saliente y reiter\u00f3 el compromiso de mantener un trabajo coordinado entre las autoridades educativas y el gremio docente.<\/p>\n<p data-start=\"1707\" data-end=\"2014\">La actividad estuvo encabezada por Buenaventura Enrique de la Cruz, director regional de Educaci\u00f3n 17, junto a autoridades educativas, directores distritales y representantes de la ADP, quienes reafirmaron su disposici\u00f3n de continuar impulsando mejoras significativas en el sistema educativo de Monte Plata.<\/p>\n<p data-start=\"2016\" data-end=\"2181\" data-is-last-node=\"\" data-is-only-node=\"\">Con este encuentro, la Regional 17 de Educaci\u00f3n reiter\u00f3 su compromiso con la calidad, la transparencia y el fortalecimiento integral de la educaci\u00f3n en la provincia.<\/p>\n<\/div>\n","protected":false},"excerpt":{"rendered":"<p>Durante la reuni\u00f3n se evaluaron los indicadores obtenidos en las Pruebas Nacionales, destac\u00e1ndose la necesidad de fortalecer las estrategias pedag\u00f3gicas para elevar el rendimiento acad\u00e9mico de los estudiantes. Las autoridades educativas y el gremio coincidieron en la importancia de dise\u00f1ar acciones conjuntas que impacten positivamente en la calidad de los aprendizajes. Asimismo, se abordaron los<\/p>\n","protected":false},"author":1,"featured_media":22643,"comment_status":"open","ping_status":"open","sticky":false,"template":"","format":"standard","meta":{"footnotes":""},"categories":[1],"tags":[],"class_list":["post-22642","post","type-post","status-publish","format-standard","has-post-thumbnail","hentry","category-nacionales"],"_links":{"self":[{"href":"https:\/\/acronoticias.com\/index.php\/wp-json\/wp\/v2\/posts\/22642","targetHints":{"allow":["GET"]}}],"collection":[{"href":"https:\/\/acronoticias.com\/index.php\/wp-json\/wp\/v2\/posts"}],"about":[{"href":"https:\/\/acronoticias.com\/index.php\/wp-json\/wp\/v2\/types\/post"}],"author":[{"embeddable":true,"href":"https:\/\/acronoticias.com\/index.php\/wp-json\/wp\/v2\/users\/1"}],"replies":[{"embeddable":true,"href":"https:\/\/acronoticias.com\/index.php\/wp-json\/wp\/v2\/comments?post=22642"}],"version-history":[{"count":0,"href":"https:\/\/acronoticias.com\/index.php\/wp-json\/wp\/v2\/posts\/22642\/revisions"}],"wp:featuredmedia":[{"embeddable":true,"href":"https:\/\/acronoticias.com\/index.php\/wp-json\/wp\/v2\/media\/22643"}],"wp:attachment":[{"href":"https:\/\/acronoticias.com\/index.php\/wp-json\/wp\/v2\/media?parent=22642"}],"wp:term":[{"taxonomy":"category","embeddable":true,"href":"https:\/\/acronoticias.com\/index.php\/wp-json\/wp\/v2\/categories?post=22642"},{"taxonomy":"post_tag","embeddable":true,"href":"https:\/\/acronoticias.com\/index.php\/wp-json\/wp\/v2\/tags?post=22642"}],"curies":[{"name":"wp","href":"https:\/\/api.w.org\/{rel}","templated":true}]}}