{"id":22124,"date":"2026-02-17T20:32:17","date_gmt":"2026-02-17T20:32:17","guid":{"rendered":"https:\/\/acronoticias.com\/index.php\/2026\/02\/17\/el-abogado-y-poeta-mocano-juan-santos-es-el-autor-del-nuevo-himno-del-mp-dominicano-el-nuevo-diario-republica-dominicana\/"},"modified":"2026-02-17T20:32:17","modified_gmt":"2026-02-17T20:32:17","slug":"el-abogado-y-poeta-mocano-juan-santos-es-el-autor-del-nuevo-himno-del-mp-dominicano-el-nuevo-diario-republica-dominicana","status":"publish","type":"post","link":"https:\/\/acronoticias.com\/index.php\/2026\/02\/17\/el-abogado-y-poeta-mocano-juan-santos-es-el-autor-del-nuevo-himno-del-mp-dominicano-el-nuevo-diario-republica-dominicana\/","title":{"rendered":"El abogado y poeta mocano Juan Santos es el autor del nuevo himno del MP dominicano \u2013 El Nuevo Diario (Rep\u00fablica Dominicana)"},"content":{"rendered":"<p><i class=\"bi bi-camera-fill\" style=\"font-size:18px; color:var(--rojo)\"\/> El abogado penalista, acad\u00e9mico y poeta mocano Juan de Jes\u00fas Santos Santos. (Fuente externa)<\/p>\n<div>\n<div id=\"gemini-summary-wrapper\" class=\"mb-3\">\n                <button id=\"btn-get-summary\" class=\"gemini-btn\" data-post-id=\"3011126\" data-post-title=\"El abogado y poeta mocano Juan Santos es el autor del nuevo himno del MP dominicano\"><br \/>\n                    Leer resumen <b class=\"d-none d-md-inline\">de la noticia<\/b> (IA) <span>CLICK AQU\u00cd<\/span><br \/>\n                <\/button><\/p>\n<div id=\"gemini-loading\" class=\"mb-3\">\n<p>                    <span>Analizando noticia&#8230; por favor espera.<\/span>\n                <\/div>\n<\/p><\/div>\n<p>EL NUEVO DIARIO, SANTO DOMINGO.- El abogado penalista, acad\u00e9mico y poeta mocano Juan de Jes\u00fas Santos Santos, es el autor del Himno del Ministerio P\u00fablico de la Rep\u00fablica Dominicana, pieza institucional que fue presentada oficialmente y adoptada como s\u00edmbolo de identidad de la entidad encargada de la persecuci\u00f3n penal en el pa\u00eds.<\/p>\n<p>La composici\u00f3n fue acogida por el Consejo Superior del Ministerio P\u00fablico (CSMP) en su sesi\u00f3n del 28 de agosto de 2025, formalizando su incorporaci\u00f3n como emblema institucional. El himno resalta los principios constitucionales que rigen la labor del \u00f3rgano acusador del Estado: legalidad, objetividad e independencia, as\u00ed como su compromiso con la verdad, la protecci\u00f3n de las v\u00edctimas y la defensa del Estado de Derecho.<\/p>\n<p>La primera interpretaci\u00f3n oficial tuvo lugar durante una gala institucional, en una presentaci\u00f3n de car\u00e1cter solemne que puso en relieve el enfoque \u00e9tico y humanista de la obra.<\/p>\n<p>Santos Santos cuenta con dos d\u00e9cadas de ejercicio profesional en el \u00e1mbito jur\u00eddico y m\u00e1s de 15 a\u00f1os de experiencia docente. Ha desarrollado una trayectoria que combina el derecho, la academia y la literatura, siendo autor de varios libros y de otras composiciones de car\u00e1cter institucional.<\/p>\n<p>En ese sentido, con la adopci\u00f3n del himno, el Ministerio P\u00fablico incorpora un elemento simb\u00f3lico destinado a reforzar su identidad organizacional y los valores que orientan su funci\u00f3n en el sistema de justicia dominicano.<\/p>\n<p><h3 class=\"jp-relatedposts-headline\"><em>Relacionado<\/em><\/h3>\n<\/p>\n<p>\t\t\t\t\t\t<!-- .entry-footer --><br \/>\n\t\t\t\t\t\t<!-- \n\n<div data-type=\"_mgwidget\" data-widget-id=\"1743501\"><\/div>\n\n  -->\n\t\t\t\t\t<\/div>\n","protected":false},"excerpt":{"rendered":"<p>El abogado penalista, acad\u00e9mico y poeta mocano Juan de Jes\u00fas Santos Santos. (Fuente externa) Leer resumen de la noticia (IA) CLICK AQU\u00cd Analizando noticia&#8230; por favor espera. EL NUEVO DIARIO, SANTO DOMINGO.- El abogado penalista, acad\u00e9mico y poeta mocano Juan de Jes\u00fas Santos Santos, es el autor del Himno del Ministerio P\u00fablico de la Rep\u00fablica<\/p>\n","protected":false},"author":1,"featured_media":22125,"comment_status":"open","ping_status":"open","sticky":false,"template":"","format":"standard","meta":{"footnotes":""},"categories":[1],"tags":[],"class_list":["post-22124","post","type-post","status-publish","format-standard","has-post-thumbnail","hentry","category-nacionales"],"_links":{"self":[{"href":"https:\/\/acronoticias.com\/index.php\/wp-json\/wp\/v2\/posts\/22124","targetHints":{"allow":["GET"]}}],"collection":[{"href":"https:\/\/acronoticias.com\/index.php\/wp-json\/wp\/v2\/posts"}],"about":[{"href":"https:\/\/acronoticias.com\/index.php\/wp-json\/wp\/v2\/types\/post"}],"author":[{"embeddable":true,"href":"https:\/\/acronoticias.com\/index.php\/wp-json\/wp\/v2\/users\/1"}],"replies":[{"embeddable":true,"href":"https:\/\/acronoticias.com\/index.php\/wp-json\/wp\/v2\/comments?post=22124"}],"version-history":[{"count":0,"href":"https:\/\/acronoticias.com\/index.php\/wp-json\/wp\/v2\/posts\/22124\/revisions"}],"wp:featuredmedia":[{"embeddable":true,"href":"https:\/\/acronoticias.com\/index.php\/wp-json\/wp\/v2\/media\/22125"}],"wp:attachment":[{"href":"https:\/\/acronoticias.com\/index.php\/wp-json\/wp\/v2\/media?parent=22124"}],"wp:term":[{"taxonomy":"category","embeddable":true,"href":"https:\/\/acronoticias.com\/index.php\/wp-json\/wp\/v2\/categories?post=22124"},{"taxonomy":"post_tag","embeddable":true,"href":"https:\/\/acronoticias.com\/index.php\/wp-json\/wp\/v2\/tags?post=22124"}],"curies":[{"name":"wp","href":"https:\/\/api.w.org\/{rel}","templated":true}]}}