{"id":22122,"date":"2026-02-17T20:23:25","date_gmt":"2026-02-17T20:23:25","guid":{"rendered":"https:\/\/acronoticias.com\/index.php\/2026\/02\/17\/jose-jeri-presidente-interino-de-peru-destituido-tras-escandalos-en-su-breve-mandato\/"},"modified":"2026-02-17T20:23:25","modified_gmt":"2026-02-17T20:23:25","slug":"jose-jeri-presidente-interino-de-peru-destituido-tras-escandalos-en-su-breve-mandato","status":"publish","type":"post","link":"https:\/\/acronoticias.com\/index.php\/2026\/02\/17\/jose-jeri-presidente-interino-de-peru-destituido-tras-escandalos-en-su-breve-mandato\/","title":{"rendered":"Jos\u00e9 Jer\u00ed, presidente interino de Per\u00fa, destituido tras esc\u00e1ndalos en su breve mandato"},"content":{"rendered":"<div>\n<div class=\"c-detail__author full\">\n<div>\n<div class=\"c-detail__author__thumb\">\n<figure>\n                                <picture src=\"https:\/\/imagenes.hoy.com.do\/files\/image_square_xs\/uploads\/2025\/11\/18\/691c7d5bed035.jpeg\" data-size=\"w:40,h:40\">\n                                    <img decoding=\"async\" loading=\"lazy\" alt=\"EFE EFE\" width=\"40\" height=\"40\" src=\"https:\/\/imagenes.hoy.com.do\/files\/image_square_xs\/uploads\/2025\/11\/18\/691c7d5bed035.jpeg\"\/>\n                                <\/picture>\n                                <\/figure>\n<\/div>\n<\/div>\n<\/div>\n<p>                                                                                            <!-- --><\/p>\n<p class=\"paragraph\">Lima, 17 feb (EFE).- El Congreso de Per\u00fa destituy\u00f3 este martes al presidente interino, el derechista<b> Jos\u00e9 Jer\u00ed,<\/b> a menos de dos meses de las elecciones generales, lo que se convierte en <b>el octavo cambio presidencial que vive el pa\u00eds andino<\/b> en casi una d\u00e9cada de inestabilidad pol\u00edtica, iniciada tras los comicios de 2016.<\/p>\n<p class=\"paragraph\">Con 75 votos a favor, 24 en contra y 3 abstenciones, el Legislativo peruano resolvi\u00f3<b> sacar del poder a Jer\u00ed por las investigaciones abiertas en su contra en su corto mandato<\/b> de apenas cuatro meses a ra\u00edz de varias reuniones semiclandestinas con empresarios chinos contratistas del Estado y <b>presuntas irregularidades<\/b> en la contrataci\u00f3n de funcionarias que previamente tuvieron reuniones con \u00e9l en el Palacio de Gobierno.<\/p>\n<p class=\"paragraph\">Jer\u00ed ejerc\u00eda de manera interina la Presidencia de Per\u00fa en su condici\u00f3n de presidente del Congreso, tras la destituci\u00f3n de la presidenta<b> Dina Boluarte<\/b> (2022-2025) en octubre del a\u00f1o pasado, por lo que al ser censurado como m\u00e1xima autoridad del Parlamento pierde autom\u00e1ticamente su condici\u00f3n de jefe de Estado encargado.<\/p>\n<p class=\"paragraph\">En un \u00faltimo intento por salvarse, el partido Somos Per\u00fa, al que pertenece Jer\u00ed<b>, propuso que se suspendiese el debate<\/b> para que la destituci\u00f3n se diese a trav\u00e9s de la figura de la vacancia (destituci\u00f3n presidencial), lo que exig\u00eda los votos de dos tercios de la c\u00e1mara, algo que no que fue aceptado por la mayor\u00eda del Parlamento.<\/p>\n<p class=\"paragraph\">El grupo de partidos conservadores que controlan el Congreso, y que inicialmente respaldaron la llegada al poder de Jer\u00ed, le retiraron su confianza a pocas semanas de las elecciones para distanciarse de la p\u00e9rdida de popularidad del gobernante ante las revelaciones de las \u00faltimas semanas que motivaron que la Fiscal\u00eda lo investigue por tr\u00e1fico de influencias.<\/p>\n<p class=\"paragraph\">El \u00fanico partido que mantuvo en bloque su apoyo a Jer\u00ed fue el fujimorismo, en contra de que el pa\u00eds tenga un nuevo cambio presidencial como los que s\u00ed ha promovido y apoyado anteriormente contra otros mandatarios en el pasado.<\/p>\n<div class=\"c-detail__box \">\n<article class=\"c-detail__sumario \">\n<figure class=\"c-detail__sumario__thumb\" style=\"display: block;\">\n            <a href=\"#\" title=\"\">\n                <picture data-size=\"w:140,h:140\" loading=\"lazy\" src=\"https:\/\/imagenes.hoy.com.do\/files\/related_image\/uploads\/2026\/02\/17\/6993ed246b896.jpeg\" data-full-src=\"https:\/\/imagenes.hoy.com.do\/uploads\/2026\/02\/17\/6993ed246b896.jpeg\">\n                    <img loading=\"lazy\" decoding=\"async\" data-index=\"\" width=\"140\" height=\"140\" alt=\"El presidente Jos\u00e9 Jer\u00ed es investigado por la fiscal\u00eda por presunta corrupci\u00f3n.  AP\" data-full=\"[object Object]\" data-original=\"[object Object]\" src=\"https:\/\/imagenes.hoy.com.do\/uploads\/2026\/02\/17\/6993ed246b896.jpeg\"\/>\n                <\/picture>\n            <\/a><br \/>\n        <\/figure>\n<\/article>\n<\/div>\n<p class=\"paragraph\">Si bien Jer\u00ed pod\u00eda haber participado en esa sesi\u00f3n en su condici\u00f3n de congresista, el mandatario opt\u00f3 por no hacerlo y quedarse en el Palacio de Gobierno, donde presidi\u00f3 el cambio de guardia.<\/p>\n<p class=\"paragraph\">La ca\u00edda de Jer\u00ed fue tan r\u00e1pida como su ascenso al poder: entr\u00f3 al Congreso en las elecciones de 2021 como suplente del inhabilitado expresidente Mart\u00edn Vizcarra (2018-2020) y pronto pas\u00f3 de ser un legislador desconocido a presidir comisiones parlamentarias, luego dirigir el Legislativo entero y de ah\u00ed saltar a la Presidencia en reemplazo de Boluarte.<\/p>\n<p class=\"paragraph\">Si bien enfoc\u00f3 su mandato en la lucha contra el crimen organizado, su popularidad inicial se fue deteriorando a medida que se descubrieron reuniones semisecretas con empresarios chinos, en particular una a la que acudi\u00f3 a un encapuchado, con la aparente intenci\u00f3n de no ser reconocido.<\/p>\n<p class=\"paragraph\">Ahora el Legislativo peruano debe elegir este mi\u00e9rcoles a un nuevo congresista para que presida la c\u00e1mara y que, una vez nombrado se convertir\u00e1 en el mismo instante presidente encargado de la Rep\u00fablica hasta el 28 de julio, cuando debe asumir el siguiente presidente o presidenta salido del proceso electoral en marcha. EFE<\/p>\n<\/div>\n","protected":false},"excerpt":{"rendered":"<p>Lima, 17 feb (EFE).- El Congreso de Per\u00fa destituy\u00f3 este martes al presidente interino, el derechista Jos\u00e9 Jer\u00ed, a menos de dos meses de las elecciones generales, lo que se convierte en el octavo cambio presidencial que vive el pa\u00eds andino en casi una d\u00e9cada de inestabilidad pol\u00edtica, iniciada tras los comicios de 2016. Con<\/p>\n","protected":false},"author":1,"featured_media":22123,"comment_status":"open","ping_status":"open","sticky":false,"template":"","format":"standard","meta":{"footnotes":""},"categories":[3],"tags":[],"class_list":["post-22122","post","type-post","status-publish","format-standard","has-post-thumbnail","hentry","category-internacionales"],"_links":{"self":[{"href":"https:\/\/acronoticias.com\/index.php\/wp-json\/wp\/v2\/posts\/22122","targetHints":{"allow":["GET"]}}],"collection":[{"href":"https:\/\/acronoticias.com\/index.php\/wp-json\/wp\/v2\/posts"}],"about":[{"href":"https:\/\/acronoticias.com\/index.php\/wp-json\/wp\/v2\/types\/post"}],"author":[{"embeddable":true,"href":"https:\/\/acronoticias.com\/index.php\/wp-json\/wp\/v2\/users\/1"}],"replies":[{"embeddable":true,"href":"https:\/\/acronoticias.com\/index.php\/wp-json\/wp\/v2\/comments?post=22122"}],"version-history":[{"count":0,"href":"https:\/\/acronoticias.com\/index.php\/wp-json\/wp\/v2\/posts\/22122\/revisions"}],"wp:featuredmedia":[{"embeddable":true,"href":"https:\/\/acronoticias.com\/index.php\/wp-json\/wp\/v2\/media\/22123"}],"wp:attachment":[{"href":"https:\/\/acronoticias.com\/index.php\/wp-json\/wp\/v2\/media?parent=22122"}],"wp:term":[{"taxonomy":"category","embeddable":true,"href":"https:\/\/acronoticias.com\/index.php\/wp-json\/wp\/v2\/categories?post=22122"},{"taxonomy":"post_tag","embeddable":true,"href":"https:\/\/acronoticias.com\/index.php\/wp-json\/wp\/v2\/tags?post=22122"}],"curies":[{"name":"wp","href":"https:\/\/api.w.org\/{rel}","templated":true}]}}