{"id":21930,"date":"2026-02-16T21:45:08","date_gmt":"2026-02-16T21:45:08","guid":{"rendered":"https:\/\/acronoticias.com\/index.php\/2026\/02\/16\/abren-investigacion-por-homicidio-voluntario-tras-la-muerte-de-quentin-deranque\/"},"modified":"2026-02-16T21:45:08","modified_gmt":"2026-02-16T21:45:08","slug":"abren-investigacion-por-homicidio-voluntario-tras-la-muerte-de-quentin-deranque","status":"publish","type":"post","link":"https:\/\/acronoticias.com\/index.php\/2026\/02\/16\/abren-investigacion-por-homicidio-voluntario-tras-la-muerte-de-quentin-deranque\/","title":{"rendered":"Abren investigaci\u00f3n por homicidio voluntario tras la muerte de Quentin Deranque"},"content":{"rendered":"<div>\n<div class=\"c-detail__author full\">\n<div>\n<div class=\"c-detail__author__thumb\">\n<figure>\n                                <picture src=\"https:\/\/imagenes.hoy.com.do\/files\/image_square_xs\/uploads\/2025\/11\/07\/690dcfcaaafc6.jpeg\" data-size=\"w:40,h:40\">\n                                    <img decoding=\"async\" loading=\"lazy\" alt=\"RFI \" width=\"40\" height=\"40\" src=\"https:\/\/imagenes.hoy.com.do\/files\/image_square_xs\/uploads\/2025\/11\/07\/690dcfcaaafc6.jpeg\"\/>\n                                <\/picture>\n                                <\/figure>\n<\/div>\n<\/div>\n<\/div>\n<p>                                                                                            <!-- --><\/p>\n<p class=\"paragraph\">El fiscal ha explicado en una rueda de prensa que, sobre las cinco y media de la tarde, al margen de la conferencia de la eurodiputada Rima Hassan de La Francia Insumisa en Sciences Po Lyon, un grupo del colectivo de <b>extrema derecha<\/b> N\u00e9mesis hab\u00eda organizado una manifestaci\u00f3n para denunciar su presencia. Las j\u00f3venes hab\u00edan avisado a amigos para que las ayudaran en caso de violencia. Eran una quincena.<\/p>\n<p class=\"paragraph\"><b>\u201cEstos se mantuvieron al margen&#8221;,<\/b> coment\u00f3 el fiscal. \u201cR\u00e1pidamente, varias personas intervinieron para intentar arrancar la pancarta y luego ejercieron violencia contra al menos dos de las j\u00f3venes. Seg\u00fan un testimonio, una fue estrangulada y la otra fue tirada al suelo y golpeada, pero los j\u00f3venes no intervinieron\u201d, precisa Thierry Dran, que no explica qui\u00e9nes son los agresores de las manifestantes.<\/p>\n<p class=\"paragraph\">Media hora despu\u00e9s, sobre las seis de la tarde, los j\u00f3venes encargados de ayudar a las integrantes de N\u00e9mesis, entre ellos Quentin Deranque, fueron \u201cagredidos violentamente por un grupo de unos veinte individuos enmascarados y encapuchados\u201d, dijo Dran.<\/p>\n<p class=\"paragraph\">La mayor\u00eda consigui\u00f3 escapar, pero tres personas se quedaron aisladas en medio de la veintena de encapuchados, tirados en el suelo, seg\u00fan varios videos publicados por la prensa francesa.<\/p>\n<p class=\"paragraph\">\u201cEstos tres j\u00f3venes, entre ellos Quentin, fueron arrojados al suelo y golpeados repetidamente por varios individuos, al menos seis (&#8230;) dos de las v\u00edctimas lograron huir y, mientras Quentin [permanec\u00eda] en el suelo, el grupo de personas que los hab\u00eda golpeado se retir\u00f3\u201d, declar\u00f3 el fiscal.<\/p>\n<h2 class=\"subtitle\">La polic\u00eda de Lyon busca identificar a los autores directos<\/h2>\n<p class=\"paragraph\">Dos de las v\u00edctimas pudieron levantarse y huir, pero Quentin Deranque permaneci\u00f3 en el suelo hasta que un amigo fue a recuperarlo. El fiscal asegur\u00f3 que, en ese momento, el joven estaba consciente, pero no recordaba nada de lo que acababa de ocurrir. Poco despu\u00e9s su estado se deterior\u00f3 y el amigo llam\u00f3 a las urgencias. El joven muri\u00f3 el s\u00e1bado en el hospital, seg\u00fan la autopsia, a causa de un traumatismo cr\u00e1neo-encef\u00e1lico mayor.<\/p>\n<p class=\"paragraph\">La investigaci\u00f3n la est\u00e1 llevando a cabo la polic\u00eda de Lyon. Hasta ahora se ha tomado la declaraci\u00f3n de una quincena de testigos, pero no hay ninguna detenci\u00f3n. Los cargos, seg\u00fan especific\u00f3 el fiscal, son homicidio voluntario, violencia agravada en reuni\u00f3n, enmascarados y porte de armas.<\/p>\n<h2 class=\"subtitle\">La Asamblea Nacional proh\u00edbe la entrada a un asistente de La Francia Insumisa<\/h2>\n<p class=\"paragraph\">La presidenta de la Asamblea Nacional, <b>Ya\u00ebl Braun-Pivet<\/b>, anunci\u00f3 este lunes 16 de febrero la suspensi\u00f3n, \u201ccon car\u00e1cter cautelar y sin perjuicio de las consecuencias de la investigaci\u00f3n judicial\u201d, del acceso a la c\u00e1mara baja al asistente parlamentario del diputado de La Francia Insumisa Rapha\u00ebl Arnault, Jacques-Elie Favrot, por su presunta implicaci\u00f3n en los enfrentamientos que provocaron la muerte de Quentin Dernaque el s\u00e1bado pasado.<\/p>\n<p class=\"paragraph\">El nombre de <b>Jacques-Elie Favrot<\/b> fue \u201ccitado por varios testigos\u201d en el marco de los violentos enfrentamientos de Lyon, lo que, seg\u00fan Ya\u00ebl Braun-Pivet, supone un riesgo de \u201calteraci\u00f3n del orden p\u00fablico\u201d en la Asamblea Nacional.<\/p>\n<p class=\"paragraph\">El Gobierno franc\u00e9s, conservadores y extrema derecha acusan a La Francia Insumisa de ser responsable de la violencia. Su l\u00edder, Jean-Luc M\u00e9lenchon, rechaza las acusaciones.<\/p>\n<div class=\"c-detail__box \">\n<article class=\"c-detail__sumario \">\n<figure class=\"c-detail__sumario__thumb\" style=\"display: block;\">\n            <a href=\"#\" title=\"\">\n                <picture data-size=\"w:140,h:140\" loading=\"lazy\" src=\"https:\/\/imagenes.hoy.com.do\/files\/related_image\/uploads\/2025\/11\/05\/690c0797a46fe.jpeg\" data-full-src=\"https:\/\/imagenes.hoy.com.do\/uploads\/2025\/11\/05\/690c0797a46fe.jpeg\">\n                    <img loading=\"lazy\" decoding=\"async\" data-index=\"\" width=\"140\" height=\"140\" alt=\"f073d7a4-cuchillo-sangre\" data-full=\"[object Object]\" data-original=\"[object Object]\" src=\"https:\/\/imagenes.hoy.com.do\/uploads\/2025\/11\/05\/690c0797a46fe.jpeg\"\/>\n                <\/picture>\n            <\/a><br \/>\n        <\/figure>\n<\/article>\n<\/div>\n<\/div>\n","protected":false},"excerpt":{"rendered":"<p>El fiscal ha explicado en una rueda de prensa que, sobre las cinco y media de la tarde, al margen de la conferencia de la eurodiputada Rima Hassan de La Francia Insumisa en Sciences Po Lyon, un grupo del colectivo de extrema derecha N\u00e9mesis hab\u00eda organizado una manifestaci\u00f3n para denunciar su presencia. Las j\u00f3venes hab\u00edan<\/p>\n","protected":false},"author":1,"featured_media":21931,"comment_status":"open","ping_status":"open","sticky":false,"template":"","format":"standard","meta":{"footnotes":""},"categories":[3],"tags":[],"class_list":["post-21930","post","type-post","status-publish","format-standard","has-post-thumbnail","hentry","category-internacionales"],"_links":{"self":[{"href":"https:\/\/acronoticias.com\/index.php\/wp-json\/wp\/v2\/posts\/21930","targetHints":{"allow":["GET"]}}],"collection":[{"href":"https:\/\/acronoticias.com\/index.php\/wp-json\/wp\/v2\/posts"}],"about":[{"href":"https:\/\/acronoticias.com\/index.php\/wp-json\/wp\/v2\/types\/post"}],"author":[{"embeddable":true,"href":"https:\/\/acronoticias.com\/index.php\/wp-json\/wp\/v2\/users\/1"}],"replies":[{"embeddable":true,"href":"https:\/\/acronoticias.com\/index.php\/wp-json\/wp\/v2\/comments?post=21930"}],"version-history":[{"count":0,"href":"https:\/\/acronoticias.com\/index.php\/wp-json\/wp\/v2\/posts\/21930\/revisions"}],"wp:featuredmedia":[{"embeddable":true,"href":"https:\/\/acronoticias.com\/index.php\/wp-json\/wp\/v2\/media\/21931"}],"wp:attachment":[{"href":"https:\/\/acronoticias.com\/index.php\/wp-json\/wp\/v2\/media?parent=21930"}],"wp:term":[{"taxonomy":"category","embeddable":true,"href":"https:\/\/acronoticias.com\/index.php\/wp-json\/wp\/v2\/categories?post=21930"},{"taxonomy":"post_tag","embeddable":true,"href":"https:\/\/acronoticias.com\/index.php\/wp-json\/wp\/v2\/tags?post=21930"}],"curies":[{"name":"wp","href":"https:\/\/api.w.org\/{rel}","templated":true}]}}