{"id":21928,"date":"2026-02-16T21:33:02","date_gmt":"2026-02-16T21:33:02","guid":{"rendered":"https:\/\/acronoticias.com\/index.php\/2026\/02\/16\/ulises-rodriguez-respalda-instalacion-mesa-de-los-cinco-pilares-del-minerd-el-nuevo-diario-republica-dominicana\/"},"modified":"2026-02-16T21:33:02","modified_gmt":"2026-02-16T21:33:02","slug":"ulises-rodriguez-respalda-instalacion-mesa-de-los-cinco-pilares-del-minerd-el-nuevo-diario-republica-dominicana","status":"publish","type":"post","link":"https:\/\/acronoticias.com\/index.php\/2026\/02\/16\/ulises-rodriguez-respalda-instalacion-mesa-de-los-cinco-pilares-del-minerd-el-nuevo-diario-republica-dominicana\/","title":{"rendered":"Ulises Rodr\u00edguez respalda instalaci\u00f3n Mesa de los Cinco Pilares del Minerd \u2013 El Nuevo Diario (Rep\u00fablica Dominicana)"},"content":{"rendered":"<div>\n<div id=\"gemini-summary-wrapper\" class=\"mb-3\">\n                <button id=\"btn-get-summary\" class=\"gemini-btn\" data-post-id=\"3004399\" data-post-title=\"Ulises Rodr\u00edguez respalda instalaci\u00f3n Mesa de los Cinco Pilares del Minerd\"><br \/>\n                    Leer resumen <b class=\"d-none d-md-inline\">de la noticia<\/b> (IA) <span>CLICK AQU\u00cd<\/span><br \/>\n                <\/button><\/p>\n<div id=\"gemini-loading\" class=\"mb-3\">\n<p>                    <span>Analizando noticia&#8230; por favor espera.<\/span>\n                <\/div>\n<\/p><\/div>\n<p>EL NUEVO DIARIO, SANTIAGO.- El alcalde de Santiago, Ulises Rodr\u00edguez, elogi\u00f3 la instalaci\u00f3n de la Mesa de los Cinco Pilares en la Regional 08 como un hito para el fortalecimiento del sistema educativo dominicano. El evento fue encabezado por el ministro de Educaci\u00f3n, Luis Miguel De Camps.<\/p>\n<p>La juramentaci\u00f3n formal de este espacio de concertaci\u00f3n permanente se realiz\u00f3 en el Instituto Polit\u00e9cnico Industrial de Santiago (Ipisa).<\/p>\n<p>Durante el acto tambi\u00e9n se present\u00f3 la \u201cEstrategia provincial para la mejora del clima y convivencia escolar\u201d, una iniciativa clave dentro de la Hoja de Ruta impulsada por De Camps, destinada a consolidar un modelo de gobernanza territorial participativa.<\/p>\n<p>Rodr\u00edguez resalt\u00f3 la diversidad y calidad de los sectores involucrados \u2013educativos, comunitarios y estudiantiles\u2013, enfatizando que la articulaci\u00f3n directa con el liderazgo del ministro y su equipo t\u00e9cnico afianza la conexi\u00f3n entre las pol\u00edticas p\u00fablicas y la realidad social de las comunidades.<\/p>\n<p>El alcalde considera que la apertura de este espacio de di\u00e1logo en Santiago representa una distinci\u00f3n para la ciudad y un compromiso renovado de la Alcald\u00eda con la mejora continua de la educaci\u00f3n preuniversitaria.<\/p>\n<p>La Mesa de los Cinco Pilares, concebida como un mecanismo permanente de corresponsabilidad y construcci\u00f3n conjunta de soluciones, integra a estudiantes, docentes, padres, sociedad civil y autoridades, con el objetivo de elevar la calidad del sistema p\u00fablico.<\/p>\n<p>La viceministra de Asuntos T\u00e9cnicos y Pedag\u00f3gicos, Ancell Scheker, present\u00f3 en este contexto una estrategia enfocada en robustecer las habilidades socioemocionales, la cultura de paz y la convivencia armoniosa en los centros educativos.<\/p>\n<p>El plan contempla el reforzamiento de los Clubes de Paz, la educaci\u00f3n sexual integral en valores, el acompa\u00f1amiento a las familias, la prevenci\u00f3n de uniones tempranas, la continuidad educativa para estudiantes con maternidad o paternidad, entre otras acciones.<\/p>\n<p>La Alcald\u00eda de Santiago reafirm\u00f3 su disposici\u00f3n de respaldar este espacio de di\u00e1logo y acci\u00f3n conjunta, convencida de que la participaci\u00f3n de todos los actores constituye un pilar esencial para asegurar mejores aprendizajes y oportunidades para la juventud y la ni\u00f1ez dominicana.<\/p>\n<p>\u00a0<\/p>\n<p>JSB\/<\/p>\n<p><h3 class=\"jp-relatedposts-headline\"><em>Relacionado<\/em><\/h3>\n<\/p>\n<p>\t\t\t\t\t\t<!-- .entry-footer --><br \/>\n\t\t\t\t\t\t<!-- \n\n<div data-type=\"_mgwidget\" data-widget-id=\"1743501\"><\/div>\n\n  -->\n\t\t\t\t\t<\/div>\n","protected":false},"excerpt":{"rendered":"<p>Leer resumen de la noticia (IA) CLICK AQU\u00cd Analizando noticia&#8230; por favor espera. EL NUEVO DIARIO, SANTIAGO.- El alcalde de Santiago, Ulises Rodr\u00edguez, elogi\u00f3 la instalaci\u00f3n de la Mesa de los Cinco Pilares en la Regional 08 como un hito para el fortalecimiento del sistema educativo dominicano. El evento fue encabezado por el ministro de<\/p>\n","protected":false},"author":1,"featured_media":21929,"comment_status":"open","ping_status":"open","sticky":false,"template":"","format":"standard","meta":{"footnotes":""},"categories":[1],"tags":[],"class_list":["post-21928","post","type-post","status-publish","format-standard","has-post-thumbnail","hentry","category-nacionales"],"_links":{"self":[{"href":"https:\/\/acronoticias.com\/index.php\/wp-json\/wp\/v2\/posts\/21928","targetHints":{"allow":["GET"]}}],"collection":[{"href":"https:\/\/acronoticias.com\/index.php\/wp-json\/wp\/v2\/posts"}],"about":[{"href":"https:\/\/acronoticias.com\/index.php\/wp-json\/wp\/v2\/types\/post"}],"author":[{"embeddable":true,"href":"https:\/\/acronoticias.com\/index.php\/wp-json\/wp\/v2\/users\/1"}],"replies":[{"embeddable":true,"href":"https:\/\/acronoticias.com\/index.php\/wp-json\/wp\/v2\/comments?post=21928"}],"version-history":[{"count":0,"href":"https:\/\/acronoticias.com\/index.php\/wp-json\/wp\/v2\/posts\/21928\/revisions"}],"wp:featuredmedia":[{"embeddable":true,"href":"https:\/\/acronoticias.com\/index.php\/wp-json\/wp\/v2\/media\/21929"}],"wp:attachment":[{"href":"https:\/\/acronoticias.com\/index.php\/wp-json\/wp\/v2\/media?parent=21928"}],"wp:term":[{"taxonomy":"category","embeddable":true,"href":"https:\/\/acronoticias.com\/index.php\/wp-json\/wp\/v2\/categories?post=21928"},{"taxonomy":"post_tag","embeddable":true,"href":"https:\/\/acronoticias.com\/index.php\/wp-json\/wp\/v2\/tags?post=21928"}],"curies":[{"name":"wp","href":"https:\/\/api.w.org\/{rel}","templated":true}]}}