{"id":21328,"date":"2026-02-13T14:40:36","date_gmt":"2026-02-13T14:40:36","guid":{"rendered":"https:\/\/acronoticias.com\/index.php\/2026\/02\/13\/la-salle-exalta-a-la-bandera-con-el-lema-adn-lasellistas-todo-esta-conectado-el-nuevo-diario-republica-dominicana\/"},"modified":"2026-02-13T14:40:36","modified_gmt":"2026-02-13T14:40:36","slug":"la-salle-exalta-a-la-bandera-con-el-lema-adn-lasellistas-todo-esta-conectado-el-nuevo-diario-republica-dominicana","status":"publish","type":"post","link":"https:\/\/acronoticias.com\/index.php\/2026\/02\/13\/la-salle-exalta-a-la-bandera-con-el-lema-adn-lasellistas-todo-esta-conectado-el-nuevo-diario-republica-dominicana\/","title":{"rendered":"La Salle exalta a la Bandera con el lema:\u00bb ADN lasellistas todo est\u00e1 conectado\u00bb \u2013 El Nuevo Diario (Rep\u00fablica Dominicana)"},"content":{"rendered":"<p><i class=\"bi bi-camera-fill\" style=\"font-size:18px; color:var(--rojo)\"\/> La Salle exalta a la Bandera con el lema:&#8221; ADN lasellistas todo est\u00e1 conectado&#8221;.- (Fotos: F\u00e9liz Lara\/END).-<\/p>\n<div>\n<div id=\"gemini-summary-wrapper\" class=\"mb-3\">\n                <button id=\"btn-get-summary\" class=\"gemini-btn\" data-post-id=\"3001354\" data-post-title=\"La Salle exalta a la Bandera con el lema:\u00bb ADN lasellistas todo est\u00e1 conectado\u00bb\"><br \/>\n                    Leer resumen <b class=\"d-none d-md-inline\">de la noticia<\/b> (IA) <span>CLICK AQU\u00cd<\/span><br \/>\n                <\/button><\/p>\n<div id=\"gemini-loading\" class=\"mb-3\">\n<p>                    <span>Analizando noticia&#8230; por favor espera.<\/span>\n                <\/div>\n<\/p><\/div>\n<p>EL NUEVO DIARIO, SANTO DOMINGO.- Con el objetivo de llevar un aporte patri\u00f3tico a la vida nacional y a la educaci\u00f3n, el Colegio Dominicano La Salle celebr\u00f3 su tradicional acto de juramento a la Bandera Nacional en el marco del Mes de la Patria, que se extiende desde el 26 de enero hasta el 9 de marzo, conmemorando el natalicio de Francisco del Rosario S\u00e1nchez.<\/p>\n<p>El acto se realiza adem\u00e1s, en honor a los extintos educadores Julio S\u00e1nchez Mari\u00f1ez, antiguo alumno y director de Intec, y a la maestra Ercilia Pep\u00edn, referentes del compromiso, la \u00e9tica y la excelencia educativa.<\/p>\n<p>El director de la entidad, Avelino Guerrero indic\u00f3 que este a\u00f1o el lema es ADN lasellistas todo est\u00e1 conectado, desde las aulas, el patio, laboratorios, talleres, espacios deportivos, son testigos de esta verdad.<\/p>\n<p>\u00abNada de lo que ense\u00f1amos ocurre en solitario, todo en la educaci\u00f3n se entreteje, saberes y experiencias, conocimientos y valores, raz\u00f3n y coraz\u00f3n, pensamiento y acci\u00f3n, sobre todo se entrelazan las vidas de quienes compartimos formativo, maestros, estudiantes, personal, directivos, familias y la comunidad\u00bb, afirm\u00f3 Guerrero.<\/p>\n<p>Explic\u00f3 que los procesos educativos no solo se queda en el curriculum, ya que la educaci\u00f3n traspasa las paredes de las escuelas y colegios.<\/p>\n<p>\u00abAdem\u00e1s, est\u00e1 la familia, el hogar, el trabajo, los medios, el ejemplo y comportamiento de las autoridades, todo educa\u00bb.<\/p>\n<p>De su lado, la representante de los padres,\u00a0 Gisela Almonte manifest\u00f3 que ense\u00f1ar no es \u00fanicamente trasmitir saberes sino formar seres humanos, capaces de transformar el mundo.<\/p>\n<p>\u00abLa educaci\u00f3n verdadera no se limita a un espacio f\u00edsico ni a un horario escolar, la educaci\u00f3n es un tejido vivo que se construye desde el colegio y el hogar, hoy representando a los padres tomamos esa responsabilidad\u00bb, acot\u00f3.<\/p>\n<p>Asegur\u00f3 que educar es una tarea compartida, el colegio forma, gu\u00eda y acompa\u00f1a y en casa los valores se arraigan con la lecci\u00f3n m\u00e1s poderosa que es el ejemplo.<\/p>\n<p>En el encuentro un helic\u00f3ptero de la Armada Dominica, honde\u00f3 la Bandera Nacional por los cielos en se\u00f1al de enaltecimiento, orgullo y respeto.<\/p>\n<p>Despu\u00e9s de la oraci\u00f3n, el acto continu\u00f3 con la entonaci\u00f3n del Himno Nacional. Cont\u00f3 la presencia de destacadas personalidades de la vida p\u00fablica como Carlos Pimentel, titular de la Direcci\u00f3n de Compras y Contrataciones, Pablo Ulloa, Defensor del Pueblo, Rafael Alburquerque, vicepresidente de la Rep\u00fablica, entre otros.<\/p>\n<p>La jornada patri\u00f3tica se llev\u00f3 a cabo este viernes 13 a las 7:30 de la ma\u00f1ana, con la participaci\u00f3n de toda la comunidad educativa: estudiantes, docentes, familias, as\u00ed como colegios y escuelas invitadas.<\/p>\n<p>Se trata de un acto profundamente emotivo, en el que se organizan marchas y toda la comunidad saluda la Bandera Nacional, reafirmando los valores patrios y el compromiso ciudadano.<\/p>\n<p>Esta tradici\u00f3n se mantiene desde hace 42 a\u00f1os consolid\u00e1ndose como uno de los actos c\u00edvicos m\u00e1s significativos del centro educativo y coincide con un momento especial para la instituci\u00f3n, ya que este a\u00f1o celebra 93 a\u00f1os de presencia educativa en la Rep\u00fablica Dominicana.<\/p>\n<p><img loading=\"lazy\" data-recalc-dims=\"1\" data-dominant-color=\"74746e\" data-has-transparency=\"false\" style=\"--dominant-color: #74746e;\" decoding=\"async\" class=\"alignnone wp-image-3001449 size-full not-transparent\" src=\"https:\/\/i0.wp.com\/nuevodiario-assets.s3.us-east-2.amazonaws.com\/wp-content\/uploads\/2026\/02\/La-Salle9.jpeg?resize=640%2C426&amp;quality=100&amp;ssl=1\" alt=\"\" width=\"640\" height=\"426\" srcset=\"https:\/\/nuevodiario-assets.s3.us-east-2.amazonaws.com\/wp-content\/uploads\/2026\/02\/La-Salle9.jpeg 1280w, https:\/\/nuevodiario-assets.s3.us-east-2.amazonaws.com\/wp-content\/uploads\/2026\/02\/La-Salle9.jpeg 400w, https:\/\/nuevodiario-assets.s3.us-east-2.amazonaws.com\/wp-content\/uploads\/2026\/02\/La-Salle9.jpeg 800w, https:\/\/nuevodiario-assets.s3.us-east-2.amazonaws.com\/wp-content\/uploads\/2026\/02\/La-Salle9.jpeg 768w, https:\/\/nuevodiario-assets.s3.us-east-2.amazonaws.com\/wp-content\/uploads\/2026\/02\/La-Salle9.jpeg 600w\" sizes=\"auto, (max-width: 640px) 100vw, 640px\"\/> <img data-recalc-dims=\"1\" data-dominant-color=\"66634d\" data-has-transparency=\"false\" style=\"--dominant-color: #66634d;\" loading=\"lazy\" decoding=\"async\" class=\"alignnone wp-image-3001450 size-full not-transparent\" src=\"https:\/\/i0.wp.com\/nuevodiario-assets.s3.us-east-2.amazonaws.com\/wp-content\/uploads\/2026\/02\/La-Salle7.jpeg?resize=640%2C426&amp;quality=100&amp;ssl=1\" alt=\"\" width=\"640\" height=\"426\" srcset=\"https:\/\/nuevodiario-assets.s3.us-east-2.amazonaws.com\/wp-content\/uploads\/2026\/02\/La-Salle7.jpeg 1280w, https:\/\/nuevodiario-assets.s3.us-east-2.amazonaws.com\/wp-content\/uploads\/2026\/02\/La-Salle7.jpeg 400w, https:\/\/nuevodiario-assets.s3.us-east-2.amazonaws.com\/wp-content\/uploads\/2026\/02\/La-Salle7.jpeg 800w, https:\/\/nuevodiario-assets.s3.us-east-2.amazonaws.com\/wp-content\/uploads\/2026\/02\/La-Salle7.jpeg 768w, https:\/\/nuevodiario-assets.s3.us-east-2.amazonaws.com\/wp-content\/uploads\/2026\/02\/La-Salle7.jpeg 600w\" sizes=\"auto, (max-width: 640px) 100vw, 640px\"\/> <img data-recalc-dims=\"1\" data-dominant-color=\"6ab0f9\" data-has-transparency=\"false\" style=\"--dominant-color: #6ab0f9;\" loading=\"lazy\" decoding=\"async\" class=\"alignnone wp-image-3001451 size-full not-transparent\" src=\"https:\/\/i0.wp.com\/nuevodiario-assets.s3.us-east-2.amazonaws.com\/wp-content\/uploads\/2026\/02\/La-Salle6.jpeg?resize=640%2C426&amp;quality=100&amp;ssl=1\" alt=\"\" width=\"640\" height=\"426\" srcset=\"https:\/\/nuevodiario-assets.s3.us-east-2.amazonaws.com\/wp-content\/uploads\/2026\/02\/La-Salle6.jpeg 1280w, https:\/\/nuevodiario-assets.s3.us-east-2.amazonaws.com\/wp-content\/uploads\/2026\/02\/La-Salle6.jpeg 400w, https:\/\/nuevodiario-assets.s3.us-east-2.amazonaws.com\/wp-content\/uploads\/2026\/02\/La-Salle6.jpeg 800w, https:\/\/nuevodiario-assets.s3.us-east-2.amazonaws.com\/wp-content\/uploads\/2026\/02\/La-Salle6.jpeg 768w, https:\/\/nuevodiario-assets.s3.us-east-2.amazonaws.com\/wp-content\/uploads\/2026\/02\/La-Salle6.jpeg 600w\" sizes=\"auto, (max-width: 640px) 100vw, 640px\"\/> <img data-recalc-dims=\"1\" data-dominant-color=\"6c94ad\" data-has-transparency=\"false\" style=\"--dominant-color: #6c94ad;\" loading=\"lazy\" decoding=\"async\" class=\"alignnone wp-image-3001452 size-full not-transparent\" src=\"https:\/\/i0.wp.com\/nuevodiario-assets.s3.us-east-2.amazonaws.com\/wp-content\/uploads\/2026\/02\/La-Salle5.jpeg?resize=640%2C426&amp;quality=100&amp;ssl=1\" alt=\"\" width=\"640\" height=\"426\" srcset=\"https:\/\/nuevodiario-assets.s3.us-east-2.amazonaws.com\/wp-content\/uploads\/2026\/02\/La-Salle5.jpeg 1280w, https:\/\/nuevodiario-assets.s3.us-east-2.amazonaws.com\/wp-content\/uploads\/2026\/02\/La-Salle5.jpeg 400w, https:\/\/nuevodiario-assets.s3.us-east-2.amazonaws.com\/wp-content\/uploads\/2026\/02\/La-Salle5.jpeg 800w, https:\/\/nuevodiario-assets.s3.us-east-2.amazonaws.com\/wp-content\/uploads\/2026\/02\/La-Salle5.jpeg 768w, https:\/\/nuevodiario-assets.s3.us-east-2.amazonaws.com\/wp-content\/uploads\/2026\/02\/La-Salle5.jpeg 600w\" sizes=\"auto, (max-width: 640px) 100vw, 640px\"\/> <img data-recalc-dims=\"1\" data-dominant-color=\"7e7d74\" data-has-transparency=\"false\" style=\"--dominant-color: #7e7d74;\" loading=\"lazy\" decoding=\"async\" class=\"alignnone wp-image-3001453 size-full not-transparent\" src=\"https:\/\/i0.wp.com\/nuevodiario-assets.s3.us-east-2.amazonaws.com\/wp-content\/uploads\/2026\/02\/LaSalle4.jpeg?resize=640%2C426&amp;quality=100&amp;ssl=1\" alt=\"\" width=\"640\" height=\"426\" srcset=\"https:\/\/nuevodiario-assets.s3.us-east-2.amazonaws.com\/wp-content\/uploads\/2026\/02\/LaSalle4.jpeg 1280w, https:\/\/nuevodiario-assets.s3.us-east-2.amazonaws.com\/wp-content\/uploads\/2026\/02\/LaSalle4.jpeg 400w, https:\/\/nuevodiario-assets.s3.us-east-2.amazonaws.com\/wp-content\/uploads\/2026\/02\/LaSalle4.jpeg 800w, https:\/\/nuevodiario-assets.s3.us-east-2.amazonaws.com\/wp-content\/uploads\/2026\/02\/LaSalle4.jpeg 768w, https:\/\/nuevodiario-assets.s3.us-east-2.amazonaws.com\/wp-content\/uploads\/2026\/02\/LaSalle4.jpeg 600w\" sizes=\"auto, (max-width: 640px) 100vw, 640px\"\/> <img data-recalc-dims=\"1\" data-dominant-color=\"807a63\" data-has-transparency=\"false\" style=\"--dominant-color: #807a63;\" loading=\"lazy\" decoding=\"async\" class=\"alignnone wp-image-3001454 size-full not-transparent\" src=\"https:\/\/i0.wp.com\/nuevodiario-assets.s3.us-east-2.amazonaws.com\/wp-content\/uploads\/2026\/02\/La-Salle3.jpeg?resize=640%2C426&amp;quality=100&amp;ssl=1\" alt=\"\" width=\"640\" height=\"426\" srcset=\"https:\/\/nuevodiario-assets.s3.us-east-2.amazonaws.com\/wp-content\/uploads\/2026\/02\/La-Salle3.jpeg 1280w, https:\/\/nuevodiario-assets.s3.us-east-2.amazonaws.com\/wp-content\/uploads\/2026\/02\/La-Salle3.jpeg 400w, https:\/\/nuevodiario-assets.s3.us-east-2.amazonaws.com\/wp-content\/uploads\/2026\/02\/La-Salle3.jpeg 800w, https:\/\/nuevodiario-assets.s3.us-east-2.amazonaws.com\/wp-content\/uploads\/2026\/02\/La-Salle3.jpeg 768w, https:\/\/nuevodiario-assets.s3.us-east-2.amazonaws.com\/wp-content\/uploads\/2026\/02\/La-Salle3.jpeg 600w\" sizes=\"auto, (max-width: 640px) 100vw, 640px\"\/> <img data-recalc-dims=\"1\" data-dominant-color=\"858573\" data-has-transparency=\"false\" style=\"--dominant-color: #858573;\" loading=\"lazy\" decoding=\"async\" class=\"alignnone wp-image-3001455 size-full not-transparent\" src=\"https:\/\/i0.wp.com\/nuevodiario-assets.s3.us-east-2.amazonaws.com\/wp-content\/uploads\/2026\/02\/La-Salle2.jpeg?resize=640%2C426&amp;quality=100&amp;ssl=1\" alt=\"\" width=\"640\" height=\"426\" srcset=\"https:\/\/nuevodiario-assets.s3.us-east-2.amazonaws.com\/wp-content\/uploads\/2026\/02\/La-Salle2.jpeg 1280w, https:\/\/nuevodiario-assets.s3.us-east-2.amazonaws.com\/wp-content\/uploads\/2026\/02\/La-Salle2.jpeg 400w, https:\/\/nuevodiario-assets.s3.us-east-2.amazonaws.com\/wp-content\/uploads\/2026\/02\/La-Salle2.jpeg 800w, https:\/\/nuevodiario-assets.s3.us-east-2.amazonaws.com\/wp-content\/uploads\/2026\/02\/La-Salle2.jpeg 768w, https:\/\/nuevodiario-assets.s3.us-east-2.amazonaws.com\/wp-content\/uploads\/2026\/02\/La-Salle2.jpeg 600w\" sizes=\"auto, (max-width: 640px) 100vw, 640px\"\/><\/p>\n<p>\u00a0<\/p>\n<p><h3 class=\"jp-relatedposts-headline\"><em>Relacionado<\/em><\/h3>\n<\/p>\n<p>\t\t\t\t\t\t<!-- .entry-footer --><br \/>\n\t\t\t\t\t\t<!-- \n\n<div data-type=\"_mgwidget\" data-widget-id=\"1743501\"><\/div>\n\n  -->\n\t\t\t\t\t<\/div>\n","protected":false},"excerpt":{"rendered":"<p>La Salle exalta a la Bandera con el lema:&#8221; ADN lasellistas todo est\u00e1 conectado&#8221;.- (Fotos: F\u00e9liz Lara\/END).- Leer resumen de la noticia (IA) CLICK AQU\u00cd Analizando noticia&#8230; por favor espera. EL NUEVO DIARIO, SANTO DOMINGO.- Con el objetivo de llevar un aporte patri\u00f3tico a la vida nacional y a la educaci\u00f3n, el Colegio Dominicano La<\/p>\n","protected":false},"author":1,"featured_media":21329,"comment_status":"open","ping_status":"open","sticky":false,"template":"","format":"standard","meta":{"footnotes":""},"categories":[1],"tags":[],"class_list":["post-21328","post","type-post","status-publish","format-standard","has-post-thumbnail","hentry","category-nacionales"],"_links":{"self":[{"href":"https:\/\/acronoticias.com\/index.php\/wp-json\/wp\/v2\/posts\/21328","targetHints":{"allow":["GET"]}}],"collection":[{"href":"https:\/\/acronoticias.com\/index.php\/wp-json\/wp\/v2\/posts"}],"about":[{"href":"https:\/\/acronoticias.com\/index.php\/wp-json\/wp\/v2\/types\/post"}],"author":[{"embeddable":true,"href":"https:\/\/acronoticias.com\/index.php\/wp-json\/wp\/v2\/users\/1"}],"replies":[{"embeddable":true,"href":"https:\/\/acronoticias.com\/index.php\/wp-json\/wp\/v2\/comments?post=21328"}],"version-history":[{"count":0,"href":"https:\/\/acronoticias.com\/index.php\/wp-json\/wp\/v2\/posts\/21328\/revisions"}],"wp:featuredmedia":[{"embeddable":true,"href":"https:\/\/acronoticias.com\/index.php\/wp-json\/wp\/v2\/media\/21329"}],"wp:attachment":[{"href":"https:\/\/acronoticias.com\/index.php\/wp-json\/wp\/v2\/media?parent=21328"}],"wp:term":[{"taxonomy":"category","embeddable":true,"href":"https:\/\/acronoticias.com\/index.php\/wp-json\/wp\/v2\/categories?post=21328"},{"taxonomy":"post_tag","embeddable":true,"href":"https:\/\/acronoticias.com\/index.php\/wp-json\/wp\/v2\/tags?post=21328"}],"curies":[{"name":"wp","href":"https:\/\/api.w.org\/{rel}","templated":true}]}}