{"id":21322,"date":"2026-02-13T14:06:46","date_gmt":"2026-02-13T14:06:46","guid":{"rendered":"https:\/\/acronoticias.com\/index.php\/2026\/02\/13\/virus-nipah-causa-la-primera-muerte-en-india-quien-es-la-victima\/"},"modified":"2026-02-13T14:06:46","modified_gmt":"2026-02-13T14:06:46","slug":"virus-nipah-causa-la-primera-muerte-en-india-quien-es-la-victima","status":"publish","type":"post","link":"https:\/\/acronoticias.com\/index.php\/2026\/02\/13\/virus-nipah-causa-la-primera-muerte-en-india-quien-es-la-victima\/","title":{"rendered":"Virus Nipah causa la primera muerte en India: \u00bfqui\u00e9n es la v\u00edctima?"},"content":{"rendered":"<div>\n<div class=\"c-detail__author full\">\n<div>\n<div class=\"c-detail__author__thumb\">\n<figure>\n                                <picture src=\"https:\/\/imagenes.hoy.com.do\/files\/image_square_xs\/uploads\/2025\/11\/18\/691c7d5bed035.jpeg\" data-size=\"w:40,h:40\">\n                                    <img decoding=\"async\" loading=\"lazy\" alt=\"EFE EFE\" width=\"40\" height=\"40\" src=\"https:\/\/imagenes.hoy.com.do\/files\/image_square_xs\/uploads\/2025\/11\/18\/691c7d5bed035.jpeg\"\/>\n                                <\/picture>\n                                <\/figure>\n<\/div>\n<\/div>\n<\/div>\n<p>                                                                                            <!-- --><\/p>\n<p class=\"paragraph\">Una enfermera falleci\u00f3 en el estado de Bengala Occidental, en el este de la India, tras permanecer un mes hospitalizada a causa del <b>virus Nipah<\/b>, seg\u00fan informaron fuentes m\u00e9dicas citadas por la prensa india.<\/p>\n<p class=\"paragraph\">La enfermera de 25 a\u00f1os falleci\u00f3 ayer en un hospital tras complicaciones derivadas de la infecci\u00f3n por el virus, lo que supone la primera muerte relacionada con el nipah en Bengala Occidental en la historia reciente, seg\u00fan fuentes del Ministerio de Salud citadas por la cadena India Today.<\/p>\n<p class=\"paragraph\">La fuente aclar\u00f3 que aunque la muerte no puede atribuirse enteramente al virus, la infecci\u00f3n desencaden\u00f3 complicaciones que llevaron a su deterioro.<\/p>\n<p class=\"paragraph\">La sanitaria se encontraba en estado cr\u00edtico desde mediados de enero en un hospital privado de la localidad de Barasat, donde trabajaba. Junto a ella, otro enfermero dio positivo por el virus en enero, aunque logr\u00f3 recuperarse y recibi\u00f3 el alta la semana pasada, seg\u00fan los medios locales.<\/p>\n<div class=\"c-detail__box \">\n<article class=\"c-detail__sumario \">\n<figure class=\"c-detail__sumario__thumb\" style=\"display: block;\">\n            <a href=\"#\" title=\"\">\n                <picture data-size=\"w:140,h:140\" loading=\"lazy\" src=\"https:\/\/imagenes.hoy.com.do\/files\/related_image\/uploads\/2026\/02\/09\/698a675248af5.jpeg\" data-full-src=\"https:\/\/imagenes.hoy.com.do\/uploads\/2026\/02\/09\/698a675248af5.jpeg\">\n                    <img loading=\"lazy\" decoding=\"async\" data-index=\"\" width=\"140\" height=\"140\" alt=\"Ezquiel Lugo, Medico Internista Intensivista habla del virus Nipah\" data-full=\"[object Object]\" data-original=\"[object Object]\" src=\"https:\/\/imagenes.hoy.com.do\/uploads\/2026\/02\/09\/698a675248af5.jpeg\"\/>\n                <\/picture>\n            <\/a><br \/>\n        <\/figure>\n<\/article>\n<\/div>\n<p class=\"paragraph\">Tras la detecci\u00f3n de ambos casos, las autoridades sanitarias aislaron y realizaron pruebas a m\u00e1s de 120 personas que hab\u00edan estado en contacto directo con los pacientes, resultando todos los test negativos.<\/p>\n<p class=\"paragraph\">El virus Nipah es transmitido de animales a humanos y puede causar desde problemas respiratorios graves hasta encefalitis mortal.<\/p>\n<p class=\"paragraph\">La Organizaci\u00f3n Mundial de la Salud (<a href=\"https:\/\/hoy.com.do\/el-mundo\/estados-unidos\/nueva-york-une-oms-reforzar-respuesta-brotes-epidemicos_1075867.html\" title=\"Nueva York se une a la OMS para reforzar la respuesta ante brotes epid\u00e9micos\">OMS<\/a>) confirm\u00f3 el pasado 6 de febrero el fallecimiento de otra persona por este virus en el vecino Banglad\u00e9s, pa\u00eds que registra brotes recurrentes vinculados al consumo de savia de palmera contaminada por murci\u00e9lagos fruteros.<\/p>\n<p class=\"paragraph\">Desde diciembre de 2025, el Ministerio de Salud de la India solo ha notificado oficialmente estos dos casos en Bengala Occidental, y ha desestimado el peligro de un posible brote.\u00a0<\/p>\n<div class=\"c-detail__box \">\n<article class=\"c-detail__sumario \">\n<figure class=\"c-detail__sumario__thumb\" style=\"display: block;\">\n            <a href=\"#\" title=\"\">\n                <picture data-size=\"w:140,h:140\" loading=\"lazy\" src=\"https:\/\/imagenes.hoy.com.do\/files\/related_image\/uploads\/2026\/02\/08\/6989259015878.png\" data-full-src=\"https:\/\/imagenes.hoy.com.do\/uploads\/2026\/02\/08\/6989259015878.png\">\n                    <img loading=\"lazy\" decoding=\"async\" data-index=\"\" width=\"140\" height=\"140\" alt=\"Nipah Virus\" data-full=\"[object Object]\" data-original=\"[object Object]\" src=\"https:\/\/imagenes.hoy.com.do\/uploads\/2026\/02\/08\/6989259015878.png\"\/>\n                <\/picture>\n            <\/a><br \/>\n        <\/figure>\n<\/article>\n<\/div>\n<\/div>\n","protected":false},"excerpt":{"rendered":"<p>Una enfermera falleci\u00f3 en el estado de Bengala Occidental, en el este de la India, tras permanecer un mes hospitalizada a causa del virus Nipah, seg\u00fan informaron fuentes m\u00e9dicas citadas por la prensa india. La enfermera de 25 a\u00f1os falleci\u00f3 ayer en un hospital tras complicaciones derivadas de la infecci\u00f3n por el virus, lo que<\/p>\n","protected":false},"author":1,"featured_media":21323,"comment_status":"open","ping_status":"open","sticky":false,"template":"","format":"standard","meta":{"footnotes":""},"categories":[3],"tags":[],"class_list":["post-21322","post","type-post","status-publish","format-standard","has-post-thumbnail","hentry","category-internacionales"],"_links":{"self":[{"href":"https:\/\/acronoticias.com\/index.php\/wp-json\/wp\/v2\/posts\/21322","targetHints":{"allow":["GET"]}}],"collection":[{"href":"https:\/\/acronoticias.com\/index.php\/wp-json\/wp\/v2\/posts"}],"about":[{"href":"https:\/\/acronoticias.com\/index.php\/wp-json\/wp\/v2\/types\/post"}],"author":[{"embeddable":true,"href":"https:\/\/acronoticias.com\/index.php\/wp-json\/wp\/v2\/users\/1"}],"replies":[{"embeddable":true,"href":"https:\/\/acronoticias.com\/index.php\/wp-json\/wp\/v2\/comments?post=21322"}],"version-history":[{"count":0,"href":"https:\/\/acronoticias.com\/index.php\/wp-json\/wp\/v2\/posts\/21322\/revisions"}],"wp:featuredmedia":[{"embeddable":true,"href":"https:\/\/acronoticias.com\/index.php\/wp-json\/wp\/v2\/media\/21323"}],"wp:attachment":[{"href":"https:\/\/acronoticias.com\/index.php\/wp-json\/wp\/v2\/media?parent=21322"}],"wp:term":[{"taxonomy":"category","embeddable":true,"href":"https:\/\/acronoticias.com\/index.php\/wp-json\/wp\/v2\/categories?post=21322"},{"taxonomy":"post_tag","embeddable":true,"href":"https:\/\/acronoticias.com\/index.php\/wp-json\/wp\/v2\/tags?post=21322"}],"curies":[{"name":"wp","href":"https:\/\/api.w.org\/{rel}","templated":true}]}}