{"id":21228,"date":"2026-02-13T03:43:43","date_gmt":"2026-02-13T03:43:43","guid":{"rendered":"https:\/\/acronoticias.com\/index.php\/2026\/02\/13\/franklin-garcia-fermin-entrega-el-mescyt-a-rafael-santos-badia-el-nuevo-diario-republica-dominicana\/"},"modified":"2026-02-13T03:43:43","modified_gmt":"2026-02-13T03:43:43","slug":"franklin-garcia-fermin-entrega-el-mescyt-a-rafael-santos-badia-el-nuevo-diario-republica-dominicana","status":"publish","type":"post","link":"https:\/\/acronoticias.com\/index.php\/2026\/02\/13\/franklin-garcia-fermin-entrega-el-mescyt-a-rafael-santos-badia-el-nuevo-diario-republica-dominicana\/","title":{"rendered":"Franklin Garc\u00eda Ferm\u00edn entrega el Mescyt a Rafael Santos Bad\u00eda \u2013 El Nuevo Diario (Rep\u00fablica Dominicana)"},"content":{"rendered":"<p><i class=\"bi bi-camera-fill\" style=\"font-size:18px; color:var(--rojo)\"\/> Franklin Garc\u00eda Ferm\u00edn, Rafael Santos Bad\u00eda y otros funcionarios. (Foto: Mescyt)<\/p>\n<div>\n<div id=\"gemini-summary-wrapper\" class=\"mb-3\">\n                <button id=\"btn-get-summary\" class=\"gemini-btn\" data-post-id=\"3000349\" data-post-title=\"Franklin Garc\u00eda Ferm\u00edn entrega el Mescyt a Rafael Santos Bad\u00eda\"><br \/>\n                    Leer resumen <b class=\"d-none d-md-inline\">de la noticia<\/b> (IA) <span>CLICK AQU\u00cd<\/span><br \/>\n                <\/button><\/p>\n<div id=\"gemini-loading\" class=\"mb-3\">\n<p>                    <span>Analizando noticia&#8230; por favor espera.<\/span>\n                <\/div>\n<\/p><\/div>\n<p>EL NUEVO DIARIO, SANTO DOMINGO.\u2013El Ministerio de Educaci\u00f3n Superior, Ciencia y Tecnolog\u00eda (Mescyt) realiz\u00f3 este jueves el acto formal de traspaso de mando, en el que el ministro saliente, Franklin Garc\u00eda Ferm\u00edn, entreg\u00f3 la instituci\u00f3n al nuevo titular, Rafael Evaristo Santos Bad\u00eda, designado mediante el decreto presidencial n\u00fam. 84-26.<\/p>\n<p>Durante el acto, Garc\u00eda Ferm\u00edn agradeci\u00f3 la oportunidad de haber dirigido la entidad desde agosto de 2020 y resalt\u00f3 los avances logrados en el fortalecimiento del sistema de educaci\u00f3n superior, la investigaci\u00f3n cient\u00edfica y la ampliaci\u00f3n de oportunidades para los sectores m\u00e1s vulnerables.<\/p>\n<p>\u00abCumpl\u00ed cinco a\u00f1os y seis meses en esta posici\u00f3n y me siento muy satisfecho. Me siento a\u00fan m\u00e1s tranquilo al saber que la persona que me sustituye es alguien \u00edntegro, a quien conozco y respeto desde hace muchos a\u00f1os\u201d, expres\u00f3, seg\u00fan se\u00f1ala una nota de prensa.<\/p>\n<figure id=\"attachment_3000363\" aria-describedby=\"caption-attachment-3000363\" style=\"width: 2560px\" class=\"wp-caption alignnone\"><img loading=\"lazy\" data-recalc-dims=\"1\" data-dominant-color=\"80746e\" data-has-transparency=\"false\" style=\"--dominant-color: #80746e;\" decoding=\"async\" class=\"size-full wp-image-3000363 not-transparent\" src=\"https:\/\/i0.wp.com\/nuevodiario-assets.s3.us-east-2.amazonaws.com\/wp-content\/uploads\/2026\/02\/Mescyt-completa-traspaso-de-mando-con-Garcia-Fermin-entregando-a-Santos-Badia-1-scaled.jpg?resize=640%2C360&amp;quality=100&amp;ssl=1\" alt=\"\" width=\"640\" height=\"360\" srcset=\"https:\/\/nuevodiario-assets.s3.us-east-2.amazonaws.com\/wp-content\/uploads\/2026\/02\/Mescyt-completa-traspaso-de-mando-con-Garcia-Fermin-entregando-a-Santos-Badia-1-scaled.jpg 2560w, https:\/\/nuevodiario-assets.s3.us-east-2.amazonaws.com\/wp-content\/uploads\/2026\/02\/Mescyt-completa-traspaso-de-mando-con-Garcia-Fermin-entregando-a-Santos-Badia-1-scaled.jpg 400w, https:\/\/nuevodiario-assets.s3.us-east-2.amazonaws.com\/wp-content\/uploads\/2026\/02\/Mescyt-completa-traspaso-de-mando-con-Garcia-Fermin-entregando-a-Santos-Badia-1-scaled.jpg 800w, https:\/\/nuevodiario-assets.s3.us-east-2.amazonaws.com\/wp-content\/uploads\/2026\/02\/Mescyt-completa-traspaso-de-mando-con-Garcia-Fermin-entregando-a-Santos-Badia-1-scaled.jpg 768w, https:\/\/nuevodiario-assets.s3.us-east-2.amazonaws.com\/wp-content\/uploads\/2026\/02\/Mescyt-completa-traspaso-de-mando-con-Garcia-Fermin-entregando-a-Santos-Badia-1-scaled.jpg 1536w, https:\/\/nuevodiario-assets.s3.us-east-2.amazonaws.com\/wp-content\/uploads\/2026\/02\/Mescyt-completa-traspaso-de-mando-con-Garcia-Fermin-entregando-a-Santos-Badia-1-scaled.jpg 2048w, https:\/\/nuevodiario-assets.s3.us-east-2.amazonaws.com\/wp-content\/uploads\/2026\/02\/Mescyt-completa-traspaso-de-mando-con-Garcia-Fermin-entregando-a-Santos-Badia-1-scaled.jpg 355w, https:\/\/nuevodiario-assets.s3.us-east-2.amazonaws.com\/wp-content\/uploads\/2026\/02\/Mescyt-completa-traspaso-de-mando-con-Garcia-Fermin-entregando-a-Santos-Badia-1-scaled.jpg 600w, https:\/\/nuevodiario-assets.s3.us-east-2.amazonaws.com\/wp-content\/uploads\/2026\/02\/Mescyt-completa-traspaso-de-mando-con-Garcia-Fermin-entregando-a-Santos-Badia-1-scaled.jpg 1280w, https:\/\/nuevodiario-assets.s3.us-east-2.amazonaws.com\/wp-content\/uploads\/2026\/02\/Mescyt-completa-traspaso-de-mando-con-Garcia-Fermin-entregando-a-Santos-Badia-1-scaled.jpg 1920w\" sizes=\"auto, (max-width: 640px) 100vw, 640px\"\/><figcaption id=\"caption-attachment-3000363\" class=\"wp-caption-text\"><em><strong>Franklin Garc\u00eda Ferm\u00edn, Rafael Santos Bad\u00eda y otros funcionarios. (Foto: Mescyt)<\/strong><\/em><\/figcaption><\/figure>\n<p>El ex funcionario destac\u00f3 la importancia de la honradez institucional y exhort\u00f3 al equipo t\u00e9cnico a respaldar la nueva gesti\u00f3n.<\/p>\n<p>\u00abMientras est\u00e9n aqu\u00ed, tienen que ser leales al ministro, que es la persona responsable de esta instituci\u00f3n. Al hacerlo, tambi\u00e9n estamos siendo leales al pa\u00eds\u201d, afirm\u00f3.<\/p>\n<p>Asimismo, puso a disposici\u00f3n del nuevo titular su experiencia acumulada, y agradeci\u00f3 al presidente, Luis Abinader, por depositar la confianza en su gesti\u00f3n frente a la instituci\u00f3n durante cinco a\u00f1os sirviendo al pa\u00eds con transparencia, honestidad y, lealtad.<\/p>\n<p>\u201cEstoy a su disposici\u00f3n si me necesita; y si no, mucho mejor, porque significa que todo marchar\u00e1 bien\u201d, agreg\u00f3.<\/p>\n<figure id=\"attachment_3000362\" aria-describedby=\"caption-attachment-3000362\" style=\"width: 2560px\" class=\"wp-caption alignnone\"><img data-recalc-dims=\"1\" data-dominant-color=\"777879\" data-has-transparency=\"false\" style=\"--dominant-color: #777879;\" loading=\"lazy\" decoding=\"async\" class=\"size-full wp-image-3000362 not-transparent\" src=\"https:\/\/i0.wp.com\/nuevodiario-assets.s3.us-east-2.amazonaws.com\/wp-content\/uploads\/2026\/02\/Mescyt-completa-traspaso-de-mando-con-Garcia-Fermin-entregando-a-Santos-Badia-2-scaled.jpg?resize=640%2C480&amp;quality=100&amp;ssl=1\" alt=\"\" width=\"640\" height=\"480\" srcset=\"https:\/\/nuevodiario-assets.s3.us-east-2.amazonaws.com\/wp-content\/uploads\/2026\/02\/Mescyt-completa-traspaso-de-mando-con-Garcia-Fermin-entregando-a-Santos-Badia-2-scaled.jpg 2560w, https:\/\/nuevodiario-assets.s3.us-east-2.amazonaws.com\/wp-content\/uploads\/2026\/02\/Mescyt-completa-traspaso-de-mando-con-Garcia-Fermin-entregando-a-Santos-Badia-2-scaled.jpg 400w, https:\/\/nuevodiario-assets.s3.us-east-2.amazonaws.com\/wp-content\/uploads\/2026\/02\/Mescyt-completa-traspaso-de-mando-con-Garcia-Fermin-entregando-a-Santos-Badia-2-scaled.jpg 800w, https:\/\/nuevodiario-assets.s3.us-east-2.amazonaws.com\/wp-content\/uploads\/2026\/02\/Mescyt-completa-traspaso-de-mando-con-Garcia-Fermin-entregando-a-Santos-Badia-2-scaled.jpg 768w, https:\/\/nuevodiario-assets.s3.us-east-2.amazonaws.com\/wp-content\/uploads\/2026\/02\/Mescyt-completa-traspaso-de-mando-con-Garcia-Fermin-entregando-a-Santos-Badia-2-scaled.jpg 1536w, https:\/\/nuevodiario-assets.s3.us-east-2.amazonaws.com\/wp-content\/uploads\/2026\/02\/Mescyt-completa-traspaso-de-mando-con-Garcia-Fermin-entregando-a-Santos-Badia-2-scaled.jpg 2048w, https:\/\/nuevodiario-assets.s3.us-east-2.amazonaws.com\/wp-content\/uploads\/2026\/02\/Mescyt-completa-traspaso-de-mando-con-Garcia-Fermin-entregando-a-Santos-Badia-2-scaled.jpg 600w, https:\/\/nuevodiario-assets.s3.us-east-2.amazonaws.com\/wp-content\/uploads\/2026\/02\/Mescyt-completa-traspaso-de-mando-con-Garcia-Fermin-entregando-a-Santos-Badia-2-scaled.jpg 1280w, https:\/\/nuevodiario-assets.s3.us-east-2.amazonaws.com\/wp-content\/uploads\/2026\/02\/Mescyt-completa-traspaso-de-mando-con-Garcia-Fermin-entregando-a-Santos-Badia-2-scaled.jpg 1920w\" sizes=\"auto, (max-width: 640px) 100vw, 640px\"\/><figcaption id=\"caption-attachment-3000362\" class=\"wp-caption-text\"><em><strong>Franklin Garc\u00eda Ferm\u00edn, Rafael Santos Bad\u00eda y otros funcionarios. (Foto: Mescyt)<\/strong><\/em><\/figcaption><\/figure>\n<p>De su lado, el nuevo ministro, Rafael Evaristo Santos Bad\u00eda, valor\u00f3 la labor realizada por su antecesor y reiter\u00f3 su compromiso de dar continuidad al trabajo institucional, con un enfoque t\u00e9cnico y de fortalecimiento del sistema.<\/p>\n<p>\u00abEsta es una instituci\u00f3n t\u00e9cnica, manejada por profesionales de alto nivel. Lo \u00fanico que puedo pedir es que trabajemos unidos y enfocados en seguir fortaleciendo la educaci\u00f3n superior, la ciencia y la tecnolog\u00eda\u201d, manifest\u00f3.<\/p>\n<p>Santos Bad\u00eda, subray\u00f3 que, su gesti\u00f3n estar\u00e1 orientada a consolidar los procesos, elevar la calidad acad\u00e9mica y fortalecer la vinculaci\u00f3n entre formaci\u00f3n, innovaci\u00f3n y desarrollo productivo.<\/p>\n<p>\u201cNo vengo con agendas particulares, sino con el compromiso de servir al pa\u00eds desde esta responsabilidad\u201d, sostuvo.<\/p>\n<p>El acto de traspaso se realiz\u00f3 en presencia de viceministros, directores departamentales y colaboradores del Mescyt, quienes acompa\u00f1aron tanto a la gesti\u00f3n saliente como a la entrante en este proceso de transici\u00f3n institucional.<\/p>\n<h3>Perfil del nuevo ministro<\/h3>\n<p>Rafael Evaristo Santos Bad\u00eda es licenciado en Derecho por la Universidad de la Tercera Edad (UTE) y t\u00e9cnico en Administraci\u00f3n de Empresas Cooperativas por la Universidad Nacional Pedro Henr\u00edquez Ure\u00f1a (Unphu). Posee diplomados en Econom\u00eda Pol\u00edtica y Derecho Laboral y Sindical por la UASD, as\u00ed como en Relaciones Internacionales por la UTE.<\/p>\n<p>Cuenta con una amplia trayectoria en el \u00e1mbito educativo, sindical y legislativo. Fue diputado al Congreso Nacional, integr\u00f3 la Comisi\u00f3n Permanente de Educaci\u00f3n de la C\u00e1mara de Diputados y particip\u00f3 en el Plan Decenal de Educaci\u00f3n. Tambi\u00e9n ha formado parte de \u00f3rganos directivos del Infotep y del sistema de seguridad social del magisterio.<\/p>\n<p>Es autor del libro \u201cTreinta a\u00f1os de gremialismo magistral en la Rep\u00fablica Dominicana\u201d y ha sido reconocido con la Orden al M\u00e9rito de Duarte, S\u00e1nchez y Mella, en el grado de Caballero, entre otras distinciones.<\/p>\n<p>Con esta designaci\u00f3n, el Mescyt inicia una nueva etapa enfocada en la continuidad institucional, el fortalecimiento de la calidad educativa y el impulso a la ciencia, la tecnolog\u00eda y la innovaci\u00f3n como pilares del desarrollo nacional.<\/p>\n<p><h3 class=\"jp-relatedposts-headline\"><em>Relacionado<\/em><\/h3>\n<\/p>\n<p>\t\t\t\t\t\t<!-- .entry-footer --><br \/>\n\t\t\t\t\t\t<!-- \n\n<div data-type=\"_mgwidget\" data-widget-id=\"1743501\"><\/div>\n\n  -->\n\t\t\t\t\t<\/div>\n","protected":false},"excerpt":{"rendered":"<p>Franklin Garc\u00eda Ferm\u00edn, Rafael Santos Bad\u00eda y otros funcionarios. (Foto: Mescyt) Leer resumen de la noticia (IA) CLICK AQU\u00cd Analizando noticia&#8230; por favor espera. EL NUEVO DIARIO, SANTO DOMINGO.\u2013El Ministerio de Educaci\u00f3n Superior, Ciencia y Tecnolog\u00eda (Mescyt) realiz\u00f3 este jueves el acto formal de traspaso de mando, en el que el ministro saliente, Franklin Garc\u00eda<\/p>\n","protected":false},"author":1,"featured_media":21229,"comment_status":"open","ping_status":"open","sticky":false,"template":"","format":"standard","meta":{"footnotes":""},"categories":[1],"tags":[],"class_list":["post-21228","post","type-post","status-publish","format-standard","has-post-thumbnail","hentry","category-nacionales"],"_links":{"self":[{"href":"https:\/\/acronoticias.com\/index.php\/wp-json\/wp\/v2\/posts\/21228","targetHints":{"allow":["GET"]}}],"collection":[{"href":"https:\/\/acronoticias.com\/index.php\/wp-json\/wp\/v2\/posts"}],"about":[{"href":"https:\/\/acronoticias.com\/index.php\/wp-json\/wp\/v2\/types\/post"}],"author":[{"embeddable":true,"href":"https:\/\/acronoticias.com\/index.php\/wp-json\/wp\/v2\/users\/1"}],"replies":[{"embeddable":true,"href":"https:\/\/acronoticias.com\/index.php\/wp-json\/wp\/v2\/comments?post=21228"}],"version-history":[{"count":0,"href":"https:\/\/acronoticias.com\/index.php\/wp-json\/wp\/v2\/posts\/21228\/revisions"}],"wp:featuredmedia":[{"embeddable":true,"href":"https:\/\/acronoticias.com\/index.php\/wp-json\/wp\/v2\/media\/21229"}],"wp:attachment":[{"href":"https:\/\/acronoticias.com\/index.php\/wp-json\/wp\/v2\/media?parent=21228"}],"wp:term":[{"taxonomy":"category","embeddable":true,"href":"https:\/\/acronoticias.com\/index.php\/wp-json\/wp\/v2\/categories?post=21228"},{"taxonomy":"post_tag","embeddable":true,"href":"https:\/\/acronoticias.com\/index.php\/wp-json\/wp\/v2\/tags?post=21228"}],"curies":[{"name":"wp","href":"https:\/\/api.w.org\/{rel}","templated":true}]}}