{"id":20824,"date":"2026-02-11T12:18:41","date_gmt":"2026-02-11T12:18:41","guid":{"rendered":"https:\/\/acronoticias.com\/index.php\/2026\/02\/11\/emotiva-ceremonia-traspaso-consular-rd-en-miami-deja-claro-continuidad-trabajo-en-favor-diaspora-el-nuevo-diario-republica-dominicana\/"},"modified":"2026-02-11T12:18:41","modified_gmt":"2026-02-11T12:18:41","slug":"emotiva-ceremonia-traspaso-consular-rd-en-miami-deja-claro-continuidad-trabajo-en-favor-diaspora-el-nuevo-diario-republica-dominicana","status":"publish","type":"post","link":"https:\/\/acronoticias.com\/index.php\/2026\/02\/11\/emotiva-ceremonia-traspaso-consular-rd-en-miami-deja-claro-continuidad-trabajo-en-favor-diaspora-el-nuevo-diario-republica-dominicana\/","title":{"rendered":"Emotiva ceremonia traspaso Consular RD en Miami deja claro continuidad trabajo en favor di\u00e1spora \u2013 El Nuevo Diario (Rep\u00fablica Dominicana)"},"content":{"rendered":"<p><i class=\"bi bi-camera-fill\" style=\"font-size:18px; color:var(--rojo)\"\/> Juramentaci\u00f3n simb\u00f3lica del nuevo encargado interino del Consulado General, vicec\u00f3nsul licenciado Gilberto Minaya de manos de la c\u00f3nsul saliente, la doctora Geanilda V\u00e1squez. (Foto cortes\u00eda del Fotoreportero Ram\u00f3n Morillo)\n<\/p>\n<div>\n<div id=\"gemini-summary-wrapper\" class=\"mb-3\">\n                <button id=\"btn-get-summary\" class=\"gemini-btn\" data-post-id=\"2998429\" data-post-title=\"Emotiva ceremonia traspaso Consular RD en Miami deja claro continuidad trabajo en favor di\u00e1spora\"><br \/>\n                    Leer resumen <b class=\"d-none d-md-inline\">de la noticia<\/b> (IA) <span>CLICK AQU\u00cd<\/span><br \/>\n                <\/button><\/p>\n<div id=\"gemini-loading\" class=\"mb-3\">\n<p>                    <span>Analizando noticia&#8230; por favor espera.<\/span>\n                <\/div>\n<\/p><\/div>\n<p>EL NUEVO DIARIO, MIAMI.- El Consulado General de la Rep\u00fablica Dominicana en Miami, realiz\u00f3 una emotiva ceremonia de despedida oficial de Geanilda V\u00e1squez como c\u00f3nsul general, al mismo tiempo se recibi\u00f3 al vicec\u00f3nsul Gilberto Minaya, designado por el Ministerio de Relaciones Exteriores (Mirex), encargado interino de la sede.<\/p>\n<p>Minaya, es un piloto profesional y licenciado en administraci\u00f3n \u201cquien de manera transitoria llevar\u00e1 el rumbo del vuelo de \u00e9xitos del gobierno dominicano, emprendido en favor de la di\u00e1spora en esta sede.\u201d<\/p>\n<p>En una ceremonia donde \u201cla di\u00e1spora no recuerda haber tenido un impacto tan emotivo\u201d, Geanilda V\u00e1squez adjunto al equipo consular se despidi\u00f3 entregando un resumen de su gesti\u00f3n que inici\u00f3 hace m\u00e1s de dos a\u00f1os y que concluy\u00f3 oficialmente este fin de semana, resaltando la \u201cpasi\u00f3n por el servicio\u201d que le caracteriza, lo valioso de la comunidad dominicana en Miami y agradeciendo al presidente Luis Abinader y al Mirex.<\/p>\n<figure id=\"attachment_2998438\" aria-describedby=\"caption-attachment-2998438\" style=\"width: 1920px\" class=\"wp-caption alignnone\"><img loading=\"lazy\" data-recalc-dims=\"1\" data-dominant-color=\"937776\" data-has-transparency=\"false\" style=\"--dominant-color: #937776;\" decoding=\"async\" class=\"size-full wp-image-2998438 not-transparent\" src=\"https:\/\/i0.wp.com\/nuevodiario-assets.s3.us-east-2.amazonaws.com\/wp-content\/uploads\/2026\/02\/Emotiva-ceremonia-traspaso-Consular-RD-en-Miami-deja-claro-continuidad-trabajo-en-favor-diaspora-3-scaled.jpg?resize=640%2C853&amp;quality=100&amp;ssl=1\" alt=\"\" width=\"640\" height=\"853\" srcset=\"https:\/\/nuevodiario-assets.s3.us-east-2.amazonaws.com\/wp-content\/uploads\/2026\/02\/Emotiva-ceremonia-traspaso-Consular-RD-en-Miami-deja-claro-continuidad-trabajo-en-favor-diaspora-3-scaled.jpg 1920w, https:\/\/nuevodiario-assets.s3.us-east-2.amazonaws.com\/wp-content\/uploads\/2026\/02\/Emotiva-ceremonia-traspaso-Consular-RD-en-Miami-deja-claro-continuidad-trabajo-en-favor-diaspora-3-scaled.jpg 300w, https:\/\/nuevodiario-assets.s3.us-east-2.amazonaws.com\/wp-content\/uploads\/2026\/02\/Emotiva-ceremonia-traspaso-Consular-RD-en-Miami-deja-claro-continuidad-trabajo-en-favor-diaspora-3-scaled.jpg 600w, https:\/\/nuevodiario-assets.s3.us-east-2.amazonaws.com\/wp-content\/uploads\/2026\/02\/Emotiva-ceremonia-traspaso-Consular-RD-en-Miami-deja-claro-continuidad-trabajo-en-favor-diaspora-3-scaled.jpg 768w, https:\/\/nuevodiario-assets.s3.us-east-2.amazonaws.com\/wp-content\/uploads\/2026\/02\/Emotiva-ceremonia-traspaso-Consular-RD-en-Miami-deja-claro-continuidad-trabajo-en-favor-diaspora-3-scaled.jpg 1152w, https:\/\/nuevodiario-assets.s3.us-east-2.amazonaws.com\/wp-content\/uploads\/2026\/02\/Emotiva-ceremonia-traspaso-Consular-RD-en-Miami-deja-claro-continuidad-trabajo-en-favor-diaspora-3-scaled.jpg 1536w, https:\/\/nuevodiario-assets.s3.us-east-2.amazonaws.com\/wp-content\/uploads\/2026\/02\/Emotiva-ceremonia-traspaso-Consular-RD-en-Miami-deja-claro-continuidad-trabajo-en-favor-diaspora-3-scaled.jpg 1280w\" sizes=\"auto, (max-width: 640px) 100vw, 640px\"\/><figcaption id=\"caption-attachment-2998438\" class=\"wp-caption-text\"><strong><em>Geanilda V\u00e1squez junto a Gilberto Minaya, quien es decano de los vicec\u00f3nsules en esta jurisdicci\u00f3n diplom\u00e1tica. (Foto cortes\u00eda del Fotoreportero Ram\u00f3n Morillo)<\/em><\/strong><\/figcaption><\/figure>\n<p>Se recuerda que V\u00e1squez fue designada por el Poder Ejecutivo tambi\u00e9n como Coordinadora del Gabinete Social del Gobierno.<\/p>\n<p>El acto se realiz\u00f3 en el Sal\u00f3n de las Provincias, inaugurado en esta gesti\u00f3n consular presidida por la c\u00f3nsul saliente.<\/p>\n<p>Estuvieron adem\u00e1s de vicec\u00f3nsules y oficiales consulares, invitados especiales como el Canciller de Unicaribe, doctor Jos\u00e9 Alejandro Aybar M., Pedro D\u00edaz Ballester, presidente de presidente de la Federaci\u00f3n Dominicana Internacional de Negocios, Turismo y Desarrollo en Miami.<\/p>\n<p>La secretaria general del C\u00edrculo de Periodistas de la Salud de RD (Cipesa), EE. UU. y presidenta del Comit\u00e9 de Asuntos Diplom\u00e1ticos del CDP, representantes del sector gastron\u00f3mico, el famoso pintor Hans Payan, el director del Index, Miami, Richard Montilla, el doctor Francis Mart\u00ednez, representaci\u00f3n al m\u00e1s alto nivel del PRM y otros invitados junto a altos dirigentes de ese mismo partido.<\/p>\n<figure id=\"attachment_2998437\" aria-describedby=\"caption-attachment-2998437\" style=\"width: 1080px\" class=\"wp-caption alignnone\"><img data-recalc-dims=\"1\" data-dominant-color=\"797e85\" data-has-transparency=\"false\" style=\"--dominant-color: #797e85;\" loading=\"lazy\" decoding=\"async\" class=\"size-full wp-image-2998437 not-transparent\" src=\"https:\/\/i0.wp.com\/nuevodiario-assets.s3.us-east-2.amazonaws.com\/wp-content\/uploads\/2026\/02\/Emotiva-ceremonia-traspaso-Consular-RD-en-Miami-deja-claro-continuidad-trabajo-en-favor-diaspora-2.jpg?resize=640%2C894&amp;quality=100&amp;ssl=1\" alt=\"\" width=\"640\" height=\"894\" srcset=\"https:\/\/nuevodiario-assets.s3.us-east-2.amazonaws.com\/wp-content\/uploads\/2026\/02\/Emotiva-ceremonia-traspaso-Consular-RD-en-Miami-deja-claro-continuidad-trabajo-en-favor-diaspora-2.jpg 1080w, https:\/\/nuevodiario-assets.s3.us-east-2.amazonaws.com\/wp-content\/uploads\/2026\/02\/Emotiva-ceremonia-traspaso-Consular-RD-en-Miami-deja-claro-continuidad-trabajo-en-favor-diaspora-2.jpg 286w, https:\/\/nuevodiario-assets.s3.us-east-2.amazonaws.com\/wp-content\/uploads\/2026\/02\/Emotiva-ceremonia-traspaso-Consular-RD-en-Miami-deja-claro-continuidad-trabajo-en-favor-diaspora-2.jpg 573w, https:\/\/nuevodiario-assets.s3.us-east-2.amazonaws.com\/wp-content\/uploads\/2026\/02\/Emotiva-ceremonia-traspaso-Consular-RD-en-Miami-deja-claro-continuidad-trabajo-en-favor-diaspora-2.jpg 768w, https:\/\/nuevodiario-assets.s3.us-east-2.amazonaws.com\/wp-content\/uploads\/2026\/02\/Emotiva-ceremonia-traspaso-Consular-RD-en-Miami-deja-claro-continuidad-trabajo-en-favor-diaspora-2.jpg 600w\" sizes=\"auto, (max-width: 640px) 100vw, 640px\"\/><figcaption id=\"caption-attachment-2998437\" class=\"wp-caption-text\"><em><strong>El licenciado Gilberto Minaya, nuevo encargado interino de la Misi\u00f3n Diplom\u00e1tica de la Rep\u00fablica Dominicana en Miami.(Foto cortes\u00eda del Fotoreportero Ram\u00f3n Morillo)<\/strong><\/em><\/figcaption><\/figure>\n<p>El encargado Interino de la Sede, vicec\u00f3nsul Gilberto Minaya, hizo hincapi\u00e9 en la continuidad del esfuerzo del gobierno dominicano en trabajar en favor de los dominicanos de la di\u00e1spora en Miami, como parte del trabajo iniciado por V\u00e1squez.<\/p>\n<p>Cit\u00f3 que \u201cello es ente prioritario en la visi\u00f3n del gobierno del presidente Luis Abinader, para lo que dijo \u201cestamos prestos a servir a la comunidad y cumplir el rol\u201d durante este proceso que le toca encabezar de manera interina y escogencia que adem\u00e1s agradece.<\/p>\n<p>Hizo provecho para recordar con \u201cun minuto de silencio\u201d la memoria del fenecido vicec\u00f3nsul Carlos Manuel Vidal Ota\u00f1o\u201d a quien defini\u00f3 como \u201cbaluarte del servicio y honradez en m\u00e1s de 30 a\u00f1os de servicio\u201d, resaltando su compromiso con el pa\u00eds y su di\u00e1spora. Vidal, fue un hombre de Estado muy querido por los dominicanos en Miami.<\/p>\n<p>Recibi\u00f3 de parte de la c\u00f3nsul saliente V\u00e1squez, \u201clos mejores parabienes para este proceso\u201d, mientras que fue recibido de manera muy afable por empleados consulares, quienes destacaron en \u00e9l \u201csu preparaci\u00f3n profesional, car\u00e1cter humilde, pero con posturas firmes y su ejemplo familiar\u201d, virtudes que dicen \u201chaber conocido de este compa\u00f1ero de trabajo durante los a\u00f1os en la sede\u201d, siendo decano en la presente gesti\u00f3n del gobierno de Abinader.<\/p>\n<p>Detalles:<\/p>\n<p>El evento estuvo conducido magistralmente por Rosa Espinal. inici\u00f3 con entonaci\u00f3n de himnos de Rep\u00fablica Dominicana y Estados Unidos.<\/p>\n<p>Llam\u00f3 poderosamente la atenci\u00f3n el nivel de emotividad conque fue despedida Geanilda V\u00e1squez y recibido al mismo tiempo el Vicec\u00f3nsul Encargado Interino por parte del Mirex, Gilberto Minaya, resaltando en ellos su firme compromiso con los mejores intereses de los dominicanos en Florida.<\/p>\n<p>Las l\u00e1grimas estuvieron desde principio a fin. Fue notorio una emotividad nunca antes vista o sentida por la di\u00e1spora en este tipo de evento, donde quien suscribe ha visto pasar decenas de administraciones.<\/p>\n<p>Tampoco es usual el tipo de recibimiento que se percibi\u00f3 a la persona designada Encargada Interina, en este caso al piloto y licenciado en administraci\u00f3n, Gilberto Minaya, de quien se dijo \u201cnunca ha tenido hora para servir al Consulado igual que Geanilda.\u201d<\/p>\n<p>Empleados y funcionarios consulares, reflejaban inmensa alegr\u00eda, mientras desped\u00edan con sentimientos de agradecimiento a la C\u00f3nsul General y recib\u00edan al nuevo Encargado Interino con cari\u00f1o, en el marco del un encuentro oficial que quedar\u00e1 marcado en el coraz\u00f3n de servidores p\u00fablicos y para la historia de esta sede diplom\u00e1tica dominicana.<\/p>\n<p><h3 class=\"jp-relatedposts-headline\"><em>Relacionado<\/em><\/h3>\n<\/p>\n<p>\t\t\t\t\t\t<!-- .entry-footer --><br \/>\n\t\t\t\t\t\t<!-- \n\n<div data-type=\"_mgwidget\" data-widget-id=\"1743501\"><\/div>\n\n  -->\n\t\t\t\t\t<\/div>\n","protected":false},"excerpt":{"rendered":"<p>Juramentaci\u00f3n simb\u00f3lica del nuevo encargado interino del Consulado General, vicec\u00f3nsul licenciado Gilberto Minaya de manos de la c\u00f3nsul saliente, la doctora Geanilda V\u00e1squez. (Foto cortes\u00eda del Fotoreportero Ram\u00f3n Morillo) Leer resumen de la noticia (IA) CLICK AQU\u00cd Analizando noticia&#8230; por favor espera. EL NUEVO DIARIO, MIAMI.- El Consulado General de la Rep\u00fablica Dominicana en Miami,<\/p>\n","protected":false},"author":1,"featured_media":20825,"comment_status":"open","ping_status":"open","sticky":false,"template":"","format":"standard","meta":{"footnotes":""},"categories":[1],"tags":[],"class_list":["post-20824","post","type-post","status-publish","format-standard","has-post-thumbnail","hentry","category-nacionales"],"_links":{"self":[{"href":"https:\/\/acronoticias.com\/index.php\/wp-json\/wp\/v2\/posts\/20824","targetHints":{"allow":["GET"]}}],"collection":[{"href":"https:\/\/acronoticias.com\/index.php\/wp-json\/wp\/v2\/posts"}],"about":[{"href":"https:\/\/acronoticias.com\/index.php\/wp-json\/wp\/v2\/types\/post"}],"author":[{"embeddable":true,"href":"https:\/\/acronoticias.com\/index.php\/wp-json\/wp\/v2\/users\/1"}],"replies":[{"embeddable":true,"href":"https:\/\/acronoticias.com\/index.php\/wp-json\/wp\/v2\/comments?post=20824"}],"version-history":[{"count":0,"href":"https:\/\/acronoticias.com\/index.php\/wp-json\/wp\/v2\/posts\/20824\/revisions"}],"wp:featuredmedia":[{"embeddable":true,"href":"https:\/\/acronoticias.com\/index.php\/wp-json\/wp\/v2\/media\/20825"}],"wp:attachment":[{"href":"https:\/\/acronoticias.com\/index.php\/wp-json\/wp\/v2\/media?parent=20824"}],"wp:term":[{"taxonomy":"category","embeddable":true,"href":"https:\/\/acronoticias.com\/index.php\/wp-json\/wp\/v2\/categories?post=20824"},{"taxonomy":"post_tag","embeddable":true,"href":"https:\/\/acronoticias.com\/index.php\/wp-json\/wp\/v2\/tags?post=20824"}],"curies":[{"name":"wp","href":"https:\/\/api.w.org\/{rel}","templated":true}]}}