{"id":20121,"date":"2026-02-07T20:46:44","date_gmt":"2026-02-07T20:46:44","guid":{"rendered":"https:\/\/acronoticias.com\/index.php\/2026\/02\/07\/alcaldesa-carolina-mejia-orienta-a-estudiantes-sobre-manejo-de-desechos-solidos-el-nuevo-diario-republica-dominicana\/"},"modified":"2026-02-07T20:46:44","modified_gmt":"2026-02-07T20:46:44","slug":"alcaldesa-carolina-mejia-orienta-a-estudiantes-sobre-manejo-de-desechos-solidos-el-nuevo-diario-republica-dominicana","status":"publish","type":"post","link":"https:\/\/acronoticias.com\/index.php\/2026\/02\/07\/alcaldesa-carolina-mejia-orienta-a-estudiantes-sobre-manejo-de-desechos-solidos-el-nuevo-diario-republica-dominicana\/","title":{"rendered":"Alcaldesa Carolina Mej\u00eda orienta a estudiantes sobre manejo de desechos s\u00f3lidos \u2013 El Nuevo Diario (Rep\u00fablica Dominicana)"},"content":{"rendered":"<p><i class=\"bi bi-camera-fill\" style=\"font-size:18px; color:var(--rojo)\"\/> Alcaldesa Carolina Mej\u00eda junto a estudiante. (Foto: Direcci\u00f3n de Comunicaciones ADN)<\/p>\n<div>\n<div id=\"gemini-summary-wrapper\" class=\"mb-3\">\n                <button id=\"btn-get-summary\" class=\"gemini-btn\" data-post-id=\"2994851\" data-post-title=\"Alcaldesa Carolina Mej\u00eda orienta a estudiantes sobre manejo de desechos s\u00f3lidos\"><br \/>\n                    Leer resumen <b class=\"d-none d-md-inline\">de la noticia<\/b> (IA) <span>CLICK AQU\u00cd<\/span><br \/>\n                <\/button><\/p>\n<div id=\"gemini-loading\" class=\"mb-3\">\n<p>                    <span>Analizando noticia&#8230; por favor espera.<\/span>\n                <\/div>\n<\/p><\/div>\n<p>EL NUEVO DIARIO, SANTO DOMINGO.- La alcaldesa Carolina Mej\u00eda enfatiz\u00f3 la importancia del manejo adecuado de desechos s\u00f3lidos para la protecci\u00f3n del medio ambiente durante un conversatorio con estudiantes del Centro Salesiano Oratorio Mar\u00eda Auxiliadora (OMA), como parte del programa La Alcald\u00eda Llega a tu Centro Educativo.<\/p>\n<p>Mej\u00eda destac\u00f3 que su objetivo es mostrar a los j\u00f3venes c\u00f3mo pueden contribuir desde sus hogares, barrios y colegios a una cultura de orden que promueva el bienestar.<\/p>\n<p>\u00abNo es posible transformar Santo Domingo en ese lugar que nosotros merecemos vivir, que es de orden, limpieza, bienestar, de transformaci\u00f3n urban\u00edstica, si no lo hacemos de la mano\u00bb, afirm\u00f3, seg\u00fan se\u00f1ala una nota de prensa.<\/p>\n<p>Subray\u00f3 que la responsabilidad ciudadana es fundamental para abordar eficazmente los temas de desechos s\u00f3lidos, y que este programa busca formar, concientizar y crear agentes multiplicadores. El director regente del OMA, padre Patricio Ram\u00edrez, dio la bienvenida y agradeci\u00f3 la visita de la alcaldesa, destacando su impacto en la concientizaci\u00f3n de los estudiantes sobre el cuidado del entorno.<\/p>\n<p>La alcaldesa cit\u00f3 como ejemplos de su gesti\u00f3n la recuperaci\u00f3n de parques, plazas y el Malec\u00f3n de Santo Domingo, espacios destinados al encuentro familiar y al disfrute de los visitantes.<\/p>\n<p>\u00abSon 213 espacios que nosotros ya hemos impactado en la ciudad con la recuperaci\u00f3n de aceras, contenes, construcci\u00f3n y reconstrucci\u00f3n de plazas y parques porque hemos encontrado que en esos espacios p\u00fablicos la comunidad y, de manera individual, nosotros podemos vivir mucho mejor\u201d, agreg\u00f3 Mej\u00eda.<\/p>\n<p>Carolina Mej\u00eda ha extendido el programa La Alcald\u00eda Llega a Ti a diversos centros educativos, entre ellos el Instituto Se\u00f1oritas Salom\u00e9 Ure\u00f1a, Instituto Polit\u00e9cnico Bartolom\u00e9 Vegh, Excelencia Rep\u00fablica de Colombia, Arroyo Hondo, Centro Santo Cura de ARS, Instituto Especializado de Investigaci\u00f3n y Formaci\u00f3n en Ciencias Jur\u00eddicas, Instituto Salesiano Don Bosco, la Alianza Francesa, Carol Morgan School, Notre Dame School, Calasanz, MC School, Ashton School, Lux Mundi y Liceo Benito Ju\u00e1rez.<\/p>\n<p><h3 class=\"jp-relatedposts-headline\"><em>Relacionado<\/em><\/h3>\n<\/p>\n<p>\t\t\t\t\t\t<!-- .entry-footer --><br \/>\n\t\t\t\t\t\t<!-- \n\n<div data-type=\"_mgwidget\" data-widget-id=\"1743501\"><\/div>\n\n  -->\n\t\t\t\t\t<\/div>\n","protected":false},"excerpt":{"rendered":"<p>Alcaldesa Carolina Mej\u00eda junto a estudiante. (Foto: Direcci\u00f3n de Comunicaciones ADN) Leer resumen de la noticia (IA) CLICK AQU\u00cd Analizando noticia&#8230; por favor espera. EL NUEVO DIARIO, SANTO DOMINGO.- La alcaldesa Carolina Mej\u00eda enfatiz\u00f3 la importancia del manejo adecuado de desechos s\u00f3lidos para la protecci\u00f3n del medio ambiente durante un conversatorio con estudiantes del Centro<\/p>\n","protected":false},"author":1,"featured_media":20122,"comment_status":"open","ping_status":"open","sticky":false,"template":"","format":"standard","meta":{"footnotes":""},"categories":[1],"tags":[],"class_list":["post-20121","post","type-post","status-publish","format-standard","has-post-thumbnail","hentry","category-nacionales"],"_links":{"self":[{"href":"https:\/\/acronoticias.com\/index.php\/wp-json\/wp\/v2\/posts\/20121","targetHints":{"allow":["GET"]}}],"collection":[{"href":"https:\/\/acronoticias.com\/index.php\/wp-json\/wp\/v2\/posts"}],"about":[{"href":"https:\/\/acronoticias.com\/index.php\/wp-json\/wp\/v2\/types\/post"}],"author":[{"embeddable":true,"href":"https:\/\/acronoticias.com\/index.php\/wp-json\/wp\/v2\/users\/1"}],"replies":[{"embeddable":true,"href":"https:\/\/acronoticias.com\/index.php\/wp-json\/wp\/v2\/comments?post=20121"}],"version-history":[{"count":0,"href":"https:\/\/acronoticias.com\/index.php\/wp-json\/wp\/v2\/posts\/20121\/revisions"}],"wp:featuredmedia":[{"embeddable":true,"href":"https:\/\/acronoticias.com\/index.php\/wp-json\/wp\/v2\/media\/20122"}],"wp:attachment":[{"href":"https:\/\/acronoticias.com\/index.php\/wp-json\/wp\/v2\/media?parent=20121"}],"wp:term":[{"taxonomy":"category","embeddable":true,"href":"https:\/\/acronoticias.com\/index.php\/wp-json\/wp\/v2\/categories?post=20121"},{"taxonomy":"post_tag","embeddable":true,"href":"https:\/\/acronoticias.com\/index.php\/wp-json\/wp\/v2\/tags?post=20121"}],"curies":[{"name":"wp","href":"https:\/\/api.w.org\/{rel}","templated":true}]}}