{"id":19965,"date":"2026-02-07T02:34:43","date_gmt":"2026-02-07T02:34:43","guid":{"rendered":"https:\/\/acronoticias.com\/index.php\/2026\/02\/07\/abinader-crea-comision-para-dar-seguimiento-a-acuerdos-sobre-crisis-haitiana-el-nuevo-diario-republica-dominicana\/"},"modified":"2026-02-07T02:34:43","modified_gmt":"2026-02-07T02:34:43","slug":"abinader-crea-comision-para-dar-seguimiento-a-acuerdos-sobre-crisis-haitiana-el-nuevo-diario-republica-dominicana","status":"publish","type":"post","link":"https:\/\/acronoticias.com\/index.php\/2026\/02\/07\/abinader-crea-comision-para-dar-seguimiento-a-acuerdos-sobre-crisis-haitiana-el-nuevo-diario-republica-dominicana\/","title":{"rendered":"Abinader crea comisi\u00f3n para dar seguimiento a acuerdos sobre crisis haitiana \u2013 El Nuevo Diario (Rep\u00fablica Dominicana)"},"content":{"rendered":"<p><i class=\"bi bi-camera-fill\" style=\"font-size:18px; color:var(--rojo)\"\/> Abinader crea comisi\u00f3n para dar seguimiento a acuerdos sobre crisis haitiana &#8211; (Ilustraci\u00f3n: El Nuevo Diario)<\/p>\n<div>\n<div id=\"gemini-summary-wrapper\" class=\"mb-3\">\n                <button id=\"btn-get-summary\" class=\"gemini-btn\" data-post-id=\"2994475\" data-post-title=\"Abinader crea comisi\u00f3n para dar seguimiento a acuerdos sobre crisis haitiana\"><br \/>\n                    Leer resumen <b class=\"d-none d-md-inline\">de la noticia<\/b> (IA) <span>CLICK AQU\u00cd<\/span><br \/>\n                <\/button><\/p>\n<div id=\"gemini-loading\" class=\"mb-3\">\n<p>                    <span>Analizando noticia&#8230; por favor espera.<\/span>\n                <\/div>\n<\/p><\/div>\n<p data-start=\"279\" data-end=\"551\">EL NUEVO DIARIO, SANTO DOMINGO. \u2013 El presidente Luis Abinader cre\u00f3 una comisi\u00f3n especial para dar seguimiento y veedur\u00eda a las medidas acordadas en el marco del Di\u00e1logo Nacional sobre la Crisis Haitiana y sus Implicaciones para la Rep\u00fablica Dominicana.<\/p>\n<p data-start=\"279\" data-end=\"551\">La comisi\u00f3n surge como resultado del di\u00e1logo desarrollado en el seno del Consejo Econ\u00f3mico y Social (CES), con la participaci\u00f3n de los sectores econ\u00f3mico, social y laboral, as\u00ed como del presidente Abinader y expresidentes constitucionales. De ese proceso se deriv\u00f3 el Documento Integrado de Acuerdos, suscrito el 2 de septiembre de 2025, que establece una hoja de ruta con medidas consensuadas en seis ejes estrat\u00e9gicos.<\/p>\n<p data-start=\"553\" data-end=\"911\">La disposici\u00f3n est\u00e1 contenida en el Decreto n\u00fam. 67-26 fechado el 31 de enero de 2026, mediante el cual se establece la \u00abComisi\u00f3n de Veedur\u00eda y Seguimiento de las Medidas Concertadas\u00bb, con el prop\u00f3sito de garantizar la implementaci\u00f3n efectiva de los compromisos asumidos por el Estado dominicano frente a la compleja situaci\u00f3n que atraviesa Hait\u00ed.<\/p>\n<p data-start=\"913\" data-end=\"1259\">La creaci\u00f3n de esta instancia responde al impacto que la crisis institucional, de gobernabilidad y seguridad del vecino pa\u00eds tiene sobre la migraci\u00f3n, la seguridad nacional, el comercio bilateral, el mercado laboral y el desarrollo de las comunidades fronterizas, lo que ha hecho necesario articular respuestas estatales coordinadas y sostenidas.<\/p>\n<p data-start=\"1683\" data-end=\"1939\">De acuerdo con el decreto, la comisi\u00f3n tendr\u00e1 car\u00e1cter temporal y consultivo, sin funciones operativas ni estructura administrativa propia y estar\u00e1 adscrita al Ministerio de la Presidencia, bajo la dependencia funcional del presidente de la Rep\u00fablica.<\/p>\n<p data-start=\"1941\" data-end=\"2159\">Entre sus atribuciones figura dar seguimiento a los avances, identificar obst\u00e1culos en la ejecuci\u00f3n de las medidas y formular recomendaciones al Poder Ejecutivo. Sus opiniones e informes no tendr\u00e1n car\u00e1cter vinculante.<\/p>\n<p data-start=\"2161\" data-end=\"2613\">La comisi\u00f3n estar\u00e1 presidida por el ministro de la Presidencia e integrada por los ministros de Defensa, Relaciones Exteriores y Trabajo; el director general de Migraci\u00f3n; el director ejecutivo del Instituto Nacional de Migraci\u00f3n; el presidente de la comisi\u00f3n ejecutiva del Observatorio de las Pol\u00edticas Migratorias; el presidente del CES, quien fungir\u00e1 como secretario ejecutivo; y representantes de los sectores social, laboral y empresarial del CES.<\/p>\n<p data-start=\"2615\" data-end=\"2840\">El decreto establece que los integrantes ejercer\u00e1n sus funciones de manera honor\u00edfica y que la comisi\u00f3n deber\u00e1 rendir informes trimestrales al presidente de la Rep\u00fablica sobre el estado de avance de las medidas acordadas.<\/p>\n<p><h3 class=\"jp-relatedposts-headline\"><em>Relacionado<\/em><\/h3>\n<\/p>\n<p>\t\t\t\t\t\t<!-- .entry-footer --><br \/>\n\t\t\t\t\t\t<!-- \n\n<div data-type=\"_mgwidget\" data-widget-id=\"1743501\"><\/div>\n\n  -->\n\t\t\t\t\t<\/div>\n","protected":false},"excerpt":{"rendered":"<p>Abinader crea comisi\u00f3n para dar seguimiento a acuerdos sobre crisis haitiana &#8211; (Ilustraci\u00f3n: El Nuevo Diario) Leer resumen de la noticia (IA) CLICK AQU\u00cd Analizando noticia&#8230; por favor espera. EL NUEVO DIARIO, SANTO DOMINGO. \u2013 El presidente Luis Abinader cre\u00f3 una comisi\u00f3n especial para dar seguimiento y veedur\u00eda a las medidas acordadas en el marco<\/p>\n","protected":false},"author":1,"featured_media":19966,"comment_status":"open","ping_status":"open","sticky":false,"template":"","format":"standard","meta":{"footnotes":""},"categories":[1],"tags":[],"class_list":["post-19965","post","type-post","status-publish","format-standard","has-post-thumbnail","hentry","category-nacionales"],"_links":{"self":[{"href":"https:\/\/acronoticias.com\/index.php\/wp-json\/wp\/v2\/posts\/19965","targetHints":{"allow":["GET"]}}],"collection":[{"href":"https:\/\/acronoticias.com\/index.php\/wp-json\/wp\/v2\/posts"}],"about":[{"href":"https:\/\/acronoticias.com\/index.php\/wp-json\/wp\/v2\/types\/post"}],"author":[{"embeddable":true,"href":"https:\/\/acronoticias.com\/index.php\/wp-json\/wp\/v2\/users\/1"}],"replies":[{"embeddable":true,"href":"https:\/\/acronoticias.com\/index.php\/wp-json\/wp\/v2\/comments?post=19965"}],"version-history":[{"count":0,"href":"https:\/\/acronoticias.com\/index.php\/wp-json\/wp\/v2\/posts\/19965\/revisions"}],"wp:featuredmedia":[{"embeddable":true,"href":"https:\/\/acronoticias.com\/index.php\/wp-json\/wp\/v2\/media\/19966"}],"wp:attachment":[{"href":"https:\/\/acronoticias.com\/index.php\/wp-json\/wp\/v2\/media?parent=19965"}],"wp:term":[{"taxonomy":"category","embeddable":true,"href":"https:\/\/acronoticias.com\/index.php\/wp-json\/wp\/v2\/categories?post=19965"},{"taxonomy":"post_tag","embeddable":true,"href":"https:\/\/acronoticias.com\/index.php\/wp-json\/wp\/v2\/tags?post=19965"}],"curies":[{"name":"wp","href":"https:\/\/api.w.org\/{rel}","templated":true}]}}