{"id":19742,"date":"2026-02-06T01:29:47","date_gmt":"2026-02-06T01:29:47","guid":{"rendered":"https:\/\/acronoticias.com\/index.php\/2026\/02\/06\/delcy-rodriguez-pide-madurez-politica-para-lograr-la-reconciliacion-en-venezuela-el-nuevo-diario-republica-dominicana\/"},"modified":"2026-02-06T01:29:47","modified_gmt":"2026-02-06T01:29:47","slug":"delcy-rodriguez-pide-madurez-politica-para-lograr-la-reconciliacion-en-venezuela-el-nuevo-diario-republica-dominicana","status":"publish","type":"post","link":"https:\/\/acronoticias.com\/index.php\/2026\/02\/06\/delcy-rodriguez-pide-madurez-politica-para-lograr-la-reconciliacion-en-venezuela-el-nuevo-diario-republica-dominicana\/","title":{"rendered":"Delcy Rodr\u00edguez pide \u00abmadurez pol\u00edtica\u00bb para lograr la \u00abreconciliaci\u00f3n\u00bb en Venezuela \u2013 El Nuevo Diario (Rep\u00fablica Dominicana)"},"content":{"rendered":"<div>\n<div id=\"gemini-summary-wrapper\" class=\"mb-3\">\n                <button id=\"btn-get-summary\" class=\"gemini-btn\" data-post-id=\"2993140\" data-post-title=\"Delcy Rodr\u00edguez pide \u00abmadurez pol\u00edtica\u00bb para lograr la \u00abreconciliaci\u00f3n\u00bb en Venezuela\"><br \/>\n                    Leer resumen <b class=\"d-none d-md-inline\">de la noticia<\/b> (IA) <span>CLICK AQU\u00cd<\/span><br \/>\n                <\/button><\/p>\n<div id=\"gemini-loading\" class=\"mb-3\">\n<p>                    <span>Analizando noticia&#8230; por favor espera.<\/span>\n                <\/div>\n<\/p><\/div>\n<p>CARACAS. \u2013 La presidenta encargada de Venezuela, Delcy Rodr\u00edguez, pidi\u00f3 este jueves \u00abmadurez pol\u00edtica\u00bb para lograr la \u00abreconciliaci\u00f3n\u00bb, luego de que el Parlamento aprobara en una primera discusi\u00f3n su propuesta de ley de amnist\u00eda para los presos pol\u00edticos desde 1999, el per\u00edodo de los gobiernos del chavismo.<\/p>\n<p>\u00abLa reconciliaci\u00f3n debe ser a dos partes, no pierdan esta oportunidad. Les estamos extendiendo la mano, y nosotros esperamos que con madurez pol\u00edtica sepamos enfrentar este nuevo desaf\u00edo\u00bb, afirm\u00f3 la mandataria durante un acto de coordinaci\u00f3n de los Cuadrantes de paz, organizaciones territoriales con funciones de seguridad, en el estado Bol\u00edvar (sur, fronterizo con Brasil).<\/p>\n<p>En el evento, transmitido por el canal estatal Venezolana de Televisi\u00f3n (VTV), Rodr\u00edguez asegur\u00f3 que \u00abuna vez m\u00e1s\u00bb su Gobierno ha \u00abtendido\u00bb la mano para lograr la \u00abconvivencia democr\u00e1tica, por la paz y por la reconciliaci\u00f3n\u00bb.<\/p>\n<p>En este sentido, salud\u00f3 la primera discusi\u00f3n del proyecto de ley de amnist\u00eda que, consider\u00f3, fue \u00abde altura\u00bb, y destac\u00f3 la importancia de mantener el debate y la pol\u00edtica \u00abentre los venezolanos\u00bb.<\/p>\n<p>Asimismo, se\u00f1al\u00f3 que es importante \u00absanar\u00bb al pa\u00eds suramericano \u00abdel odio, de la intolerancia\u00bb que, a\u00f1adi\u00f3, \u00abtrajeron los extremistas y los fascistas al pa\u00eds\u00bb, como suele llamar a la oposici\u00f3n liderada por Mar\u00eda Corina Machado.<\/p>\n<p>El Parlamento venezolano, de amplia mayor\u00eda del gobierno del oficialismo, aprob\u00f3 este jueves en primera votaci\u00f3n el proyecto de ley de amnist\u00eda impulsado por la presidenta encargada, que ahora debe ser evaluado en un segundo y \u00faltimo debate para su aprobaci\u00f3n.<\/p>\n<p>El proyecto excluye a los procesados y condenados por violaciones graves de los derechos humanos, cr\u00edmenes de lesa humanidad, cr\u00edmenes de guerra, homicidio intencional, corrupci\u00f3n y tr\u00e1fico de drogas, indic\u00f3 el diputado chavista Jorge Arreaza, al presentar el proyecto de ley que fue aprobado por unanimidad en su primera discusi\u00f3n.<\/p>\n<p>Antes del debate parlamentario, diversas ONG locales, defensoras de derechos humanos, cuestionaron que el texto del proyecto no se ha hecho p\u00fablico.<\/p>\n<p>La propuesta de ley fue presentada la semana pasada por la presidenta encargada, en medio de un proceso de excarcelaciones de presos pol\u00edticos que inici\u00f3 el 8 de enero, d\u00edas despu\u00e9s de la captura del presidente venezolano, Nicol\u00e1s Maduro, y de su esposa, Cilia Flores.<\/p>\n<p>Seg\u00fan la ONG Foro Penal, al menos 383 presos pol\u00edticos han sido excarcelados desde el 8 de enero, cuando el presidente del Parlamento anunci\u00f3 la liberaci\u00f3n de un \u00abn\u00famero importante\u00bb de personas.<\/p>\n<p><h3 class=\"jp-relatedposts-headline\"><em>Relacionado<\/em><\/h3>\n<\/p>\n<p>\t\t\t\t\t\t<!-- .entry-footer --><br \/>\n\t\t\t\t\t\t<!-- \n\n<div data-type=\"_mgwidget\" data-widget-id=\"1743501\"><\/div>\n\n  -->\n\t\t\t\t\t<\/div>\n","protected":false},"excerpt":{"rendered":"<p>Leer resumen de la noticia (IA) CLICK AQU\u00cd Analizando noticia&#8230; por favor espera. CARACAS. \u2013 La presidenta encargada de Venezuela, Delcy Rodr\u00edguez, pidi\u00f3 este jueves \u00abmadurez pol\u00edtica\u00bb para lograr la \u00abreconciliaci\u00f3n\u00bb, luego de que el Parlamento aprobara en una primera discusi\u00f3n su propuesta de ley de amnist\u00eda para los presos pol\u00edticos desde 1999, el per\u00edodo<\/p>\n","protected":false},"author":1,"featured_media":19743,"comment_status":"open","ping_status":"open","sticky":false,"template":"","format":"standard","meta":{"footnotes":""},"categories":[3],"tags":[],"class_list":["post-19742","post","type-post","status-publish","format-standard","has-post-thumbnail","hentry","category-internacionales"],"_links":{"self":[{"href":"https:\/\/acronoticias.com\/index.php\/wp-json\/wp\/v2\/posts\/19742","targetHints":{"allow":["GET"]}}],"collection":[{"href":"https:\/\/acronoticias.com\/index.php\/wp-json\/wp\/v2\/posts"}],"about":[{"href":"https:\/\/acronoticias.com\/index.php\/wp-json\/wp\/v2\/types\/post"}],"author":[{"embeddable":true,"href":"https:\/\/acronoticias.com\/index.php\/wp-json\/wp\/v2\/users\/1"}],"replies":[{"embeddable":true,"href":"https:\/\/acronoticias.com\/index.php\/wp-json\/wp\/v2\/comments?post=19742"}],"version-history":[{"count":0,"href":"https:\/\/acronoticias.com\/index.php\/wp-json\/wp\/v2\/posts\/19742\/revisions"}],"wp:featuredmedia":[{"embeddable":true,"href":"https:\/\/acronoticias.com\/index.php\/wp-json\/wp\/v2\/media\/19743"}],"wp:attachment":[{"href":"https:\/\/acronoticias.com\/index.php\/wp-json\/wp\/v2\/media?parent=19742"}],"wp:term":[{"taxonomy":"category","embeddable":true,"href":"https:\/\/acronoticias.com\/index.php\/wp-json\/wp\/v2\/categories?post=19742"},{"taxonomy":"post_tag","embeddable":true,"href":"https:\/\/acronoticias.com\/index.php\/wp-json\/wp\/v2\/tags?post=19742"}],"curies":[{"name":"wp","href":"https:\/\/api.w.org\/{rel}","templated":true}]}}