{"id":16341,"date":"2026-01-21T02:12:25","date_gmt":"2026-01-21T02:12:25","guid":{"rendered":"https:\/\/acronoticias.com\/index.php\/2026\/01\/21\/video-realizan-encendido-de-velas-exigiendo-respuesta-por-robo-de-vehiculos-en-cotui-el-nuevo-diario-republica-dominicana\/"},"modified":"2026-01-21T02:12:25","modified_gmt":"2026-01-21T02:12:25","slug":"video-realizan-encendido-de-velas-exigiendo-respuesta-por-robo-de-vehiculos-en-cotui-el-nuevo-diario-republica-dominicana","status":"publish","type":"post","link":"https:\/\/acronoticias.com\/index.php\/2026\/01\/21\/video-realizan-encendido-de-velas-exigiendo-respuesta-por-robo-de-vehiculos-en-cotui-el-nuevo-diario-republica-dominicana\/","title":{"rendered":"(VIDEO) Realizan encendido de velas exigiendo respuesta por robo de veh\u00edculos en Cotu\u00ed \u2013 El Nuevo Diario (Rep\u00fablica Dominicana)"},"content":{"rendered":"<div>\n<div id=\"gemini-summary-wrapper\" class=\"mb-3\">\n                <button id=\"btn-get-summary\" class=\"gemini-btn\" data-post-id=\"2974407\" data-post-title=\"(VIDEO) Realizan encendido de velas exigiendo respuesta por robo de veh\u00edculos en Cotu\u00ed\"><br \/>\n                    Leer resumen <b class=\"d-none d-md-inline\">de la noticia<\/b> (IA) <span>CLICK AQU\u00cd<\/span><br \/>\n                <\/button><\/p>\n<div id=\"gemini-loading\" class=\"mb-3\">\n<p>                    <span>Analizando noticia&#8230; por favor espera.<\/span>\n                <\/div>\n<\/p><\/div>\n<p>EL NUEVO DIARIO, COTU\u00cd.- Propietarios de varios veh\u00edculos que fueron sustra\u00eddos mientras eran celebradas las patronales de Cotu\u00ed el pasado diciembre del a\u00f1o 2025, realizaron la noche de este martes un encendido de velas frente a la dotaci\u00f3n policial de la localidad, exigiendo a las autoridades una respuesta en las investigaciones llevadas a cabo.<\/p>\n<p>Los manifestantes aseguraron que la \u00fanica informaci\u00f3n que han recibido, son las \u00faltimas ubicaciones de GPS de los veh\u00edculos, pero que a la fecha no tienen las esperanzas de que estos puedan ser recuperados.<\/p>\n<p>En ese sentido, hacen un llamado a las autoridades locales y de la Departamento de Investigaciones de Veh\u00edculos Robados de la Polic\u00eda Nacional, para que profundice sobre este y otros casos de robo a veh\u00edculos ocurridos en la demarcaci\u00f3n.<\/p>\n<p>Cabe destacar que en el a\u00f1o 2019, las patronales de Cotu\u00ed fueron escenario del robo de varios veh\u00edculos de los cuales nunca se obtuvo respuesta sobre sus paraderos.<\/p>\n<p><h3 class=\"jp-relatedposts-headline\"><em>Relacionado<\/em><\/h3>\n<\/p>\n<p>\t\t\t\t\t\t<!-- .entry-footer --><br \/>\n\t\t\t\t\t\t<!-- \n\n<div data-type=\"_mgwidget\" data-widget-id=\"1743501\"><\/div>\n\n  -->\n\t\t\t\t\t<\/div>\n","protected":false},"excerpt":{"rendered":"<p>Leer resumen de la noticia (IA) CLICK AQU\u00cd Analizando noticia&#8230; por favor espera. EL NUEVO DIARIO, COTU\u00cd.- Propietarios de varios veh\u00edculos que fueron sustra\u00eddos mientras eran celebradas las patronales de Cotu\u00ed el pasado diciembre del a\u00f1o 2025, realizaron la noche de este martes un encendido de velas frente a la dotaci\u00f3n policial de la localidad,<\/p>\n","protected":false},"author":1,"featured_media":16342,"comment_status":"open","ping_status":"open","sticky":false,"template":"","format":"standard","meta":{"footnotes":""},"categories":[1],"tags":[],"class_list":["post-16341","post","type-post","status-publish","format-standard","has-post-thumbnail","hentry","category-nacionales"],"_links":{"self":[{"href":"https:\/\/acronoticias.com\/index.php\/wp-json\/wp\/v2\/posts\/16341","targetHints":{"allow":["GET"]}}],"collection":[{"href":"https:\/\/acronoticias.com\/index.php\/wp-json\/wp\/v2\/posts"}],"about":[{"href":"https:\/\/acronoticias.com\/index.php\/wp-json\/wp\/v2\/types\/post"}],"author":[{"embeddable":true,"href":"https:\/\/acronoticias.com\/index.php\/wp-json\/wp\/v2\/users\/1"}],"replies":[{"embeddable":true,"href":"https:\/\/acronoticias.com\/index.php\/wp-json\/wp\/v2\/comments?post=16341"}],"version-history":[{"count":0,"href":"https:\/\/acronoticias.com\/index.php\/wp-json\/wp\/v2\/posts\/16341\/revisions"}],"wp:featuredmedia":[{"embeddable":true,"href":"https:\/\/acronoticias.com\/index.php\/wp-json\/wp\/v2\/media\/16342"}],"wp:attachment":[{"href":"https:\/\/acronoticias.com\/index.php\/wp-json\/wp\/v2\/media?parent=16341"}],"wp:term":[{"taxonomy":"category","embeddable":true,"href":"https:\/\/acronoticias.com\/index.php\/wp-json\/wp\/v2\/categories?post=16341"},{"taxonomy":"post_tag","embeddable":true,"href":"https:\/\/acronoticias.com\/index.php\/wp-json\/wp\/v2\/tags?post=16341"}],"curies":[{"name":"wp","href":"https:\/\/api.w.org\/{rel}","templated":true}]}}