{"id":15702,"date":"2026-01-17T18:46:17","date_gmt":"2026-01-17T18:46:17","guid":{"rendered":"https:\/\/acronoticias.com\/index.php\/2026\/01\/17\/joan-leyba-resalta-importancia-de-fortalecer-la-moral-y-civica-en-las-escuelas-el-nuevo-diario-republica-dominicana\/"},"modified":"2026-01-17T18:46:17","modified_gmt":"2026-01-17T18:46:17","slug":"joan-leyba-resalta-importancia-de-fortalecer-la-moral-y-civica-en-las-escuelas-el-nuevo-diario-republica-dominicana","status":"publish","type":"post","link":"https:\/\/acronoticias.com\/index.php\/2026\/01\/17\/joan-leyba-resalta-importancia-de-fortalecer-la-moral-y-civica-en-las-escuelas-el-nuevo-diario-republica-dominicana\/","title":{"rendered":"Joan Leyba resalta importancia de fortalecer la Moral y C\u00edvica en las escuelas \u2013 El Nuevo Diario (Rep\u00fablica Dominicana)"},"content":{"rendered":"<div>\n<div id=\"gemini-summary-wrapper\" class=\"mb-3\">\n                <button id=\"btn-get-summary\" class=\"gemini-btn\" data-post-id=\"2970797\" data-post-title=\"Joan Leyba resalta importancia de fortalecer la Moral y C\u00edvica en las escuelas\"><br \/>\n                    Leer resumen <b class=\"d-none d-md-inline\">de la noticia<\/b> (IA) <span>CLICK AQU\u00cd<\/span><br \/>\n                <\/button><\/p>\n<div id=\"gemini-loading\" class=\"mb-3\">\n<p>                    <span>Analizando noticia&#8230; por favor espera.<\/span>\n                <\/div>\n<\/p><\/div>\n<p>EL NUEVO DIARIO, SANTO DOMINGO.- El comunicador Joan Leyba valor\u00f3 este s\u00e1bado como sumamente importante el impulso que se est\u00e1 dando a la asignatura de Moral y C\u00edvica en el sistema educativo nacional, el presidente Luis Abinader.<\/p>\n<p>Leyba sugiri\u00f3 ampliar sus contenidos para incluir temas como el manejo responsable de veh\u00edculos, el respeto al medio ambiente y la correcta gesti\u00f3n de los desechos s\u00f3lidos.<\/p>\n<p>Expres\u00f3 preocupaci\u00f3n por el comportamiento ciudadano, especialmente en la forma en que se conduce en las calles, se\u00f1alando que muchas personas adquieren veh\u00edculos sin mostrar el m\u00e1s m\u00ednimo respeto por las leyes de tr\u00e1nsito.<\/p>\n<p>\u201cYo valoro el impulso que est\u00e1 dando el presidente Luis Abinader a la materia de Moral y C\u00edvica en las escuelas, al asistir como maestro a un centro educativo. A quienes critican la inclusi\u00f3n de esta asignatura, al parecer les resulta m\u00e1s beneficioso el desorden social que vive el pa\u00eds\u201d, afirm\u00f3 el comunicador.<\/p>\n<p>El analista expres\u00f3 en esos t\u00e9rminos sobre este y otros temas de inter\u00e9s junto a Carlos Valent\u00edn en el programa Encuentro del S\u00e1bado, que transmite la plataforma digital El Nuevo Diario TV.<\/p>\n<p>(Ver programa).<\/p>\n<p><iframe loading=\"lazy\" src=\"https:\/\/player.vimeo.com\/video\/1155517732?dnt=1&amp;app_id=122963\" width=\"640\" height=\"360\" frameborder=\"0\" allow=\"autoplay; fullscreen; picture-in-picture; clipboard-write; encrypted-media; web-share\" referrerpolicy=\"strict-origin-when-cross-origin\"><\/iframe><\/p>\n<p>Asimismo, explic\u00f3 que la Moral y C\u00edvica es un concepto amplio que abarca la forma en que una persona debe comportarse, los valores que debe tener la sociedad y el correcto comportamiento social del ciudadano.<\/p>\n<p>Leyba record\u00f3 que durante su ni\u00f1ez, cuando curs\u00f3 estudios primarios en la escuela Fernando Arturo de Meri\u00f1o, la asignatura de Moral y C\u00edvica no solo abordaba el conocimiento de las leyes y su cumplimiento, sino que tambi\u00e9n inculcaba normas de cortes\u00eda y respeto a las leyes de tr\u00e1nsito, aun cuando en ese entonces circulaban pocos veh\u00edculos.<\/p>\n<p>Asimismo, destac\u00f3 que en las escuelas exist\u00eda una figura responsable de orientar sobre la Moral y C\u00edvica en una sociedad basada en valores, subrayando que, contrario a lo que muchos creen, la formaci\u00f3n en valores no corresponde \u00fanicamente a la religi\u00f3n, sino que exist\u00eda una materia definida como formaci\u00f3n integral del ser humano.<\/p>\n<p>En ese orden, reiter\u00f3 la necesidad de reforzar esta asignatura como una herramienta fundamental para corregir conductas sociales y contribuir a una sociedad m\u00e1s ordenada y consciente de sus responsabilidades.<\/p>\n<p><h3 class=\"jp-relatedposts-headline\"><em>Relacionado<\/em><\/h3>\n<\/p>\n<p>\t\t\t\t\t\t<!-- .entry-footer --><br \/>\n\t\t\t\t\t\t<!-- \n\n<div data-type=\"_mgwidget\" data-widget-id=\"1743501\"><\/div>\n\n  -->\n\t\t\t\t\t<\/div>\n","protected":false},"excerpt":{"rendered":"<p>Leer resumen de la noticia (IA) CLICK AQU\u00cd Analizando noticia&#8230; por favor espera. EL NUEVO DIARIO, SANTO DOMINGO.- El comunicador Joan Leyba valor\u00f3 este s\u00e1bado como sumamente importante el impulso que se est\u00e1 dando a la asignatura de Moral y C\u00edvica en el sistema educativo nacional, el presidente Luis Abinader. Leyba sugiri\u00f3 ampliar sus contenidos<\/p>\n","protected":false},"author":1,"featured_media":15703,"comment_status":"open","ping_status":"open","sticky":false,"template":"","format":"standard","meta":{"footnotes":""},"categories":[1],"tags":[],"class_list":["post-15702","post","type-post","status-publish","format-standard","has-post-thumbnail","hentry","category-nacionales"],"_links":{"self":[{"href":"https:\/\/acronoticias.com\/index.php\/wp-json\/wp\/v2\/posts\/15702","targetHints":{"allow":["GET"]}}],"collection":[{"href":"https:\/\/acronoticias.com\/index.php\/wp-json\/wp\/v2\/posts"}],"about":[{"href":"https:\/\/acronoticias.com\/index.php\/wp-json\/wp\/v2\/types\/post"}],"author":[{"embeddable":true,"href":"https:\/\/acronoticias.com\/index.php\/wp-json\/wp\/v2\/users\/1"}],"replies":[{"embeddable":true,"href":"https:\/\/acronoticias.com\/index.php\/wp-json\/wp\/v2\/comments?post=15702"}],"version-history":[{"count":0,"href":"https:\/\/acronoticias.com\/index.php\/wp-json\/wp\/v2\/posts\/15702\/revisions"}],"wp:featuredmedia":[{"embeddable":true,"href":"https:\/\/acronoticias.com\/index.php\/wp-json\/wp\/v2\/media\/15703"}],"wp:attachment":[{"href":"https:\/\/acronoticias.com\/index.php\/wp-json\/wp\/v2\/media?parent=15702"}],"wp:term":[{"taxonomy":"category","embeddable":true,"href":"https:\/\/acronoticias.com\/index.php\/wp-json\/wp\/v2\/categories?post=15702"},{"taxonomy":"post_tag","embeddable":true,"href":"https:\/\/acronoticias.com\/index.php\/wp-json\/wp\/v2\/tags?post=15702"}],"curies":[{"name":"wp","href":"https:\/\/api.w.org\/{rel}","templated":true}]}}