{"id":14360,"date":"2026-01-11T16:43:41","date_gmt":"2026-01-11T16:43:41","guid":{"rendered":"https:\/\/acronoticias.com\/index.php\/2026\/01\/11\/inicia-consejo-de-ministros-extendido-encabezado-por-abinader-para-definir-prioridades-del-gobierno-en-2026\/"},"modified":"2026-01-11T16:43:41","modified_gmt":"2026-01-11T16:43:41","slug":"inicia-consejo-de-ministros-extendido-encabezado-por-abinader-para-definir-prioridades-del-gobierno-en-2026","status":"publish","type":"post","link":"https:\/\/acronoticias.com\/index.php\/2026\/01\/11\/inicia-consejo-de-ministros-extendido-encabezado-por-abinader-para-definir-prioridades-del-gobierno-en-2026\/","title":{"rendered":"Inicia Consejo de Ministros extendido encabezado por Abinader para definir prioridades del Gobierno en 2026"},"content":{"rendered":"<p><i class=\"bi bi-camera-fill\" style=\"font-size:18px; color:var(--rojo)\"\/> Presidente Abinader en Consejo de Ministros Extendido. (Foto: F\u00e9lix Lara\/ El Nuevo Diario).<\/p>\n<div>\n<p>EL NUEVO DIARIO, SANTO DOMINGO.\u2013 El presidente Luis Abinader inici\u00f3 este domingo un Consejo de Ministros extendido en el Palacio Nacional, con el objetivo de definir las prioridades del Gobierno para este a\u00f1o 2026.<\/p>\n<p>Durante el encuentro, el mandatario y su gabinete se concentran en priorizar y articular los proyectos de mayor impacto en la vida de los dominicanos, as\u00ed como en dar seguimiento a las 10 Metas Presidenciales que resumen el programa de gobierno.<\/p>\n<p>En el Consejo de Ministros extendido participan ministros, directores y altos funcionarios del Gabinete, organizados en mesas de trabajo tem\u00e1ticas y sectoriales, para revisar la planificaci\u00f3n y el presupuesto correspondiente al 2026, conforme a las prioridades trazadas por el presidente Abinader.<\/p>\n<p>Asimismo, se contempla la definici\u00f3n de mecanismos claros de seguimiento y articulaci\u00f3n que permitan revisar, medir y ajustar cada uno de los proyectos durante el transcurso del a\u00f1o, con \u00e9nfasis en criterios de eficiencia, transparencia y cercan\u00eda con la ciudadan\u00eda.<\/p>\n<p>Este Consejo de Ministros extendido forma parte de la \u201cJornada de Articulaci\u00f3n: Acciones priorizadas para las metas de gobierno 2026\u201d, iniciativa impulsada por el Ministerio de la Presidencia desde octubre de 2025, que incluy\u00f3 consultas con organizaciones sociales representativas de mujeres, j\u00f3venes, ni\u00f1ez y envejecientes.<\/p>\n<figure id=\"attachment_2962948\" aria-describedby=\"caption-attachment-2962948\" style=\"width: 1280px\" class=\"wp-caption alignnone\"><img loading=\"lazy\" data-recalc-dims=\"1\" data-dominant-color=\"8c725f\" data-has-transparency=\"false\" style=\"--dominant-color: #8c725f;\" decoding=\"async\" class=\"wp-image-2962948 size-full not-transparent\" src=\"https:\/\/i0.wp.com\/nuevodiario-assets.s3.us-east-2.amazonaws.com\/wp-content\/uploads\/2026\/01\/WhatsApp-Image-2026-01-11-at-11.45.17-AM-2.jpeg?resize=640%2C426&amp;quality=100&amp;ssl=1\" alt=\"\" width=\"640\" height=\"426\" srcset=\"https:\/\/nuevodiario-assets.s3.us-east-2.amazonaws.com\/wp-content\/uploads\/2026\/01\/WhatsApp-Image-2026-01-11-at-11.45.17-AM-2.jpeg 1280w, https:\/\/nuevodiario-assets.s3.us-east-2.amazonaws.com\/wp-content\/uploads\/2026\/01\/WhatsApp-Image-2026-01-11-at-11.45.17-AM-2.jpeg 400w, https:\/\/nuevodiario-assets.s3.us-east-2.amazonaws.com\/wp-content\/uploads\/2026\/01\/WhatsApp-Image-2026-01-11-at-11.45.17-AM-2.jpeg 800w, https:\/\/nuevodiario-assets.s3.us-east-2.amazonaws.com\/wp-content\/uploads\/2026\/01\/WhatsApp-Image-2026-01-11-at-11.45.17-AM-2.jpeg 768w, https:\/\/nuevodiario-assets.s3.us-east-2.amazonaws.com\/wp-content\/uploads\/2026\/01\/WhatsApp-Image-2026-01-11-at-11.45.17-AM-2.jpeg 600w\" sizes=\"auto, (max-width: 640px) 100vw, 640px\"\/><figcaption id=\"caption-attachment-2962948\" class=\"wp-caption-text\"><strong>Presidente Abinader en Consejo de Ministros Extendido. (Foto: F\u00e9lix Lara\/ El Nuevo Diario).<\/strong><\/figcaption><\/figure>\n<p>Las decisiones que se adopten en este primer Consejo de Ministros del a\u00f1o servir\u00e1n como punto de partida para evaluar y fortalecer la gesti\u00f3n gubernamental durante 2026.<\/p>\n<p>\u00a0<\/p>\n<p>NLP\/<\/p>\n<p><h3 class=\"jp-relatedposts-headline\"><em>Relacionado<\/em><\/h3>\n<\/p>\n<p>\t\t\t\t\t\t<!-- .entry-footer --><br \/>\n\t\t\t\t\t\t<!-- \n\n<div data-type=\"_mgwidget\" data-widget-id=\"1743501\"><\/div>\n\n  -->\n\t\t\t\t\t<\/div>\n","protected":false},"excerpt":{"rendered":"<p>Presidente Abinader en Consejo de Ministros Extendido. (Foto: F\u00e9lix Lara\/ El Nuevo Diario). EL NUEVO DIARIO, SANTO DOMINGO.\u2013 El presidente Luis Abinader inici\u00f3 este domingo un Consejo de Ministros extendido en el Palacio Nacional, con el objetivo de definir las prioridades del Gobierno para este a\u00f1o 2026. Durante el encuentro, el mandatario y su gabinete<\/p>\n","protected":false},"author":1,"featured_media":14361,"comment_status":"open","ping_status":"open","sticky":false,"template":"","format":"standard","meta":{"footnotes":""},"categories":[1],"tags":[],"class_list":["post-14360","post","type-post","status-publish","format-standard","has-post-thumbnail","hentry","category-nacionales"],"_links":{"self":[{"href":"https:\/\/acronoticias.com\/index.php\/wp-json\/wp\/v2\/posts\/14360","targetHints":{"allow":["GET"]}}],"collection":[{"href":"https:\/\/acronoticias.com\/index.php\/wp-json\/wp\/v2\/posts"}],"about":[{"href":"https:\/\/acronoticias.com\/index.php\/wp-json\/wp\/v2\/types\/post"}],"author":[{"embeddable":true,"href":"https:\/\/acronoticias.com\/index.php\/wp-json\/wp\/v2\/users\/1"}],"replies":[{"embeddable":true,"href":"https:\/\/acronoticias.com\/index.php\/wp-json\/wp\/v2\/comments?post=14360"}],"version-history":[{"count":0,"href":"https:\/\/acronoticias.com\/index.php\/wp-json\/wp\/v2\/posts\/14360\/revisions"}],"wp:featuredmedia":[{"embeddable":true,"href":"https:\/\/acronoticias.com\/index.php\/wp-json\/wp\/v2\/media\/14361"}],"wp:attachment":[{"href":"https:\/\/acronoticias.com\/index.php\/wp-json\/wp\/v2\/media?parent=14360"}],"wp:term":[{"taxonomy":"category","embeddable":true,"href":"https:\/\/acronoticias.com\/index.php\/wp-json\/wp\/v2\/categories?post=14360"},{"taxonomy":"post_tag","embeddable":true,"href":"https:\/\/acronoticias.com\/index.php\/wp-json\/wp\/v2\/tags?post=14360"}],"curies":[{"name":"wp","href":"https:\/\/api.w.org\/{rel}","templated":true}]}}