{"id":13791,"date":"2026-01-08T19:56:39","date_gmt":"2026-01-08T19:56:39","guid":{"rendered":"https:\/\/acronoticias.com\/index.php\/2026\/01\/08\/nelson-arroyo-es-juramentado-como-director-general-de-aduanas-el-nuevo-diario-republica-dominicana\/"},"modified":"2026-01-08T19:56:39","modified_gmt":"2026-01-08T19:56:39","slug":"nelson-arroyo-es-juramentado-como-director-general-de-aduanas-el-nuevo-diario-republica-dominicana","status":"publish","type":"post","link":"https:\/\/acronoticias.com\/index.php\/2026\/01\/08\/nelson-arroyo-es-juramentado-como-director-general-de-aduanas-el-nuevo-diario-republica-dominicana\/","title":{"rendered":"Nelson Arroyo es juramentado como Director General de Aduanas \u2013 El Nuevo Diario (Rep\u00fablica Dominicana)"},"content":{"rendered":"<div>\n<p data-start=\"0\" data-end=\"413\">EL NUEVO DIARIO, SANTO DOMINGO.-En un acto oficial celebrado en la sede de la instituci\u00f3n, el Dr. Nelson Arroyo fue juramentado formalmente este jueves como el nuevo director general de Aduanas (DGA), tras su designaci\u00f3n por el Presidente Luis Abinader mediante el Decreto 3-26.<\/p>\n<p>El acto estuvo encabezado por el Ministro de Hacienda y Econom\u00eda, Mag\u00edn D\u00edaz, quien tom\u00f3 el juramento de rigor y exhort\u00f3 al nuevo incumbente a continuar con la ruta de profesionalizaci\u00f3n y modernizaci\u00f3n de la entidad.<\/p>\n<p>Tras su juramentaci\u00f3n, el Dr. Arroyo reafirm\u00f3 su visi\u00f3n para esta nueva etapa:<\/p>\n<p>\u00abAgradezco profundamente al Presidente Abinader por esta distinci\u00f3n. Mi compromiso es absoluto con el fortalecimiento institucional de Aduanas y la optimizaci\u00f3n continua del sistema de recaudaci\u00f3n, pilares fundamentales para el desarrollo de nuestra naci\u00f3n.\u00bb<\/p>\n<p>La llegada de Nelson Arroyo a la DGA es garant\u00eda de eficiencia, respaldada por una destacada labor previa:<\/p>\n<p>Vicepresidente de Seguros Reservas,<br \/>Indotel (2020\u20132024), donde lider\u00f3 la transformaci\u00f3n digital del pa\u00eds.<\/p>\n<p>El nuevo director asume con el reto de mantener a la Rep\u00fablica Dominicana como un referente log\u00edstico en la regi\u00f3n, aportando su vasta experiencia en la gesti\u00f3n p\u00fablica y su liderazgo pol\u00edtico como Vicepresidente Nacional del PRM.<\/p>\n<\/div>\n","protected":false},"excerpt":{"rendered":"<p>EL NUEVO DIARIO, SANTO DOMINGO.-En un acto oficial celebrado en la sede de la instituci\u00f3n, el Dr. Nelson Arroyo fue juramentado formalmente este jueves como el nuevo director general de Aduanas (DGA), tras su designaci\u00f3n por el Presidente Luis Abinader mediante el Decreto 3-26. El acto estuvo encabezado por el Ministro de Hacienda y Econom\u00eda,<\/p>\n","protected":false},"author":1,"featured_media":13792,"comment_status":"open","ping_status":"open","sticky":false,"template":"","format":"standard","meta":{"footnotes":""},"categories":[1],"tags":[],"class_list":["post-13791","post","type-post","status-publish","format-standard","has-post-thumbnail","hentry","category-nacionales"],"_links":{"self":[{"href":"https:\/\/acronoticias.com\/index.php\/wp-json\/wp\/v2\/posts\/13791","targetHints":{"allow":["GET"]}}],"collection":[{"href":"https:\/\/acronoticias.com\/index.php\/wp-json\/wp\/v2\/posts"}],"about":[{"href":"https:\/\/acronoticias.com\/index.php\/wp-json\/wp\/v2\/types\/post"}],"author":[{"embeddable":true,"href":"https:\/\/acronoticias.com\/index.php\/wp-json\/wp\/v2\/users\/1"}],"replies":[{"embeddable":true,"href":"https:\/\/acronoticias.com\/index.php\/wp-json\/wp\/v2\/comments?post=13791"}],"version-history":[{"count":0,"href":"https:\/\/acronoticias.com\/index.php\/wp-json\/wp\/v2\/posts\/13791\/revisions"}],"wp:featuredmedia":[{"embeddable":true,"href":"https:\/\/acronoticias.com\/index.php\/wp-json\/wp\/v2\/media\/13792"}],"wp:attachment":[{"href":"https:\/\/acronoticias.com\/index.php\/wp-json\/wp\/v2\/media?parent=13791"}],"wp:term":[{"taxonomy":"category","embeddable":true,"href":"https:\/\/acronoticias.com\/index.php\/wp-json\/wp\/v2\/categories?post=13791"},{"taxonomy":"post_tag","embeddable":true,"href":"https:\/\/acronoticias.com\/index.php\/wp-json\/wp\/v2\/tags?post=13791"}],"curies":[{"name":"wp","href":"https:\/\/api.w.org\/{rel}","templated":true}]}}