{"id":13693,"date":"2026-01-08T08:47:53","date_gmt":"2026-01-08T08:47:53","guid":{"rendered":"https:\/\/acronoticias.com\/index.php\/2026\/01\/08\/mp-solicita-prision-preventiva-por-doble-homicidio-de-cobradores-hallados-sepultados-en-santiago\/"},"modified":"2026-01-08T08:47:53","modified_gmt":"2026-01-08T08:47:53","slug":"mp-solicita-prision-preventiva-por-doble-homicidio-de-cobradores-hallados-sepultados-en-santiago","status":"publish","type":"post","link":"https:\/\/acronoticias.com\/index.php\/2026\/01\/08\/mp-solicita-prision-preventiva-por-doble-homicidio-de-cobradores-hallados-sepultados-en-santiago\/","title":{"rendered":"MP solicita prisi\u00f3n preventiva por doble homicidio de cobradores hallados sepultados en Santiago"},"content":{"rendered":"<div>\n<p>Santo Domingo\u2013 El Ministerio P\u00fablico solicit\u00f3 la imposici\u00f3n de prisi\u00f3n preventiva contra un hombre se\u00f1alado como responsable del asesinato de dos cobradores de una empresa de pr\u00e9stamos, cuyos cuerpos fueron encontrados enterrados en una finca de pl\u00e1tanos en el municipio Licey al Medio, provincia Santiago.<\/p>\n<p>La solicitud fue presentada ante la Oficina Judicial de Servicios de Atenci\u00f3n Permanente de Santiago contra Dieupanou Jul\u00e9, alias \u201cJhonny\u201d, de 53 a\u00f1os y de nacionalidad haitiana, a quien se le atribuye participaci\u00f3n directa en la muerte de Reimy Tom\u00e1s Rodr\u00edguez Rojas y Rodolfo Mart\u00ednez Pallero, ambos residentes en el municipio de Nagua, provincia Mar\u00eda Trinidad S\u00e1nchez.<\/p>\n<p>De acuerdo con la investigaci\u00f3n, las v\u00edctimas se trasladaron el mi\u00e9rcoles 31 de diciembre de 2025 hasta el sector Los Santana, en la carretera Don Pedro, con el objetivo de realizar cobros, sin que posteriormente se tuviera conocimiento de su paradero.<\/p>\n<p>Como parte de las diligencias, las autoridades localizaron el veh\u00edculo en el que se desplazaban los hoy occisos, un Hyundai Sonata Y20, color mamey, en cuyo interior fueron encontrados diversos objetos considerados relevantes y que forman parte de las evidencias del caso.<\/p>\n<p>Los cuerpos fueron hallados sepultados en una finca de pl\u00e1tanos, donde, seg\u00fan el Ministerio P\u00fablico, los responsables replantaron dos matas sobre el lugar para intentar ocultar el crimen.<\/p>\n<p>En esta fase preliminar, la Fiscal\u00eda de Santiago atribuye al imputado violaciones a varios art\u00edculos del C\u00f3digo Penal Dominicano, relacionados con asociaci\u00f3n de malhechores y homicidio, as\u00ed como a la Ley 631-16 sobre armas, municiones y materiales relacionados.<\/p>\n<p>La audiencia para conocer la medida de coerci\u00f3n fue aplazada para el s\u00e1bado 10 de enero, con el objetivo de citar a familiares de las v\u00edctimas y garantizar la presencia de un int\u00e9rprete judicial que asista al imputado durante el proceso.<\/p>\n<p>El \u00f3rgano acusador sostiene que Jul\u00e9 habr\u00eda esperado a las v\u00edctimas en el lugar junto a otras personas que a\u00fan est\u00e1n siendo identificadas, y que tras causarles la muerte, trasladaron los cuerpos hasta el platanal donde los enterraron.<\/p>\n<p>El Ministerio P\u00fablico inform\u00f3 que contin\u00faa ampliando las investigaciones, apoyado en im\u00e1genes de c\u00e1maras de vigilancia, pruebas periciales, testimoniales y otros elementos que refuerzan la acusaci\u00f3n.<\/p>\n<\/div>\n","protected":false},"excerpt":{"rendered":"<p>Santo Domingo\u2013 El Ministerio P\u00fablico solicit\u00f3 la imposici\u00f3n de prisi\u00f3n preventiva contra un hombre se\u00f1alado como responsable del asesinato de dos cobradores de una empresa de pr\u00e9stamos, cuyos cuerpos fueron encontrados enterrados en una finca de pl\u00e1tanos en el municipio Licey al Medio, provincia Santiago. La solicitud fue presentada ante la Oficina Judicial de Servicios<\/p>\n","protected":false},"author":1,"featured_media":13694,"comment_status":"open","ping_status":"open","sticky":false,"template":"","format":"standard","meta":{"footnotes":""},"categories":[1],"tags":[],"class_list":["post-13693","post","type-post","status-publish","format-standard","has-post-thumbnail","hentry","category-nacionales"],"_links":{"self":[{"href":"https:\/\/acronoticias.com\/index.php\/wp-json\/wp\/v2\/posts\/13693","targetHints":{"allow":["GET"]}}],"collection":[{"href":"https:\/\/acronoticias.com\/index.php\/wp-json\/wp\/v2\/posts"}],"about":[{"href":"https:\/\/acronoticias.com\/index.php\/wp-json\/wp\/v2\/types\/post"}],"author":[{"embeddable":true,"href":"https:\/\/acronoticias.com\/index.php\/wp-json\/wp\/v2\/users\/1"}],"replies":[{"embeddable":true,"href":"https:\/\/acronoticias.com\/index.php\/wp-json\/wp\/v2\/comments?post=13693"}],"version-history":[{"count":0,"href":"https:\/\/acronoticias.com\/index.php\/wp-json\/wp\/v2\/posts\/13693\/revisions"}],"wp:featuredmedia":[{"embeddable":true,"href":"https:\/\/acronoticias.com\/index.php\/wp-json\/wp\/v2\/media\/13694"}],"wp:attachment":[{"href":"https:\/\/acronoticias.com\/index.php\/wp-json\/wp\/v2\/media?parent=13693"}],"wp:term":[{"taxonomy":"category","embeddable":true,"href":"https:\/\/acronoticias.com\/index.php\/wp-json\/wp\/v2\/categories?post=13693"},{"taxonomy":"post_tag","embeddable":true,"href":"https:\/\/acronoticias.com\/index.php\/wp-json\/wp\/v2\/tags?post=13693"}],"curies":[{"name":"wp","href":"https:\/\/api.w.org\/{rel}","templated":true}]}}