{"id":13446,"date":"2026-01-07T06:59:37","date_gmt":"2026-01-07T06:59:37","guid":{"rendered":"https:\/\/acronoticias.com\/index.php\/2026\/01\/07\/eduardo-sanz-lovaton-es-nombrado-ministro-de-industria-comercio-y-mipymes\/"},"modified":"2026-01-07T06:59:37","modified_gmt":"2026-01-07T06:59:37","slug":"eduardo-sanz-lovaton-es-nombrado-ministro-de-industria-comercio-y-mipymes","status":"publish","type":"post","link":"https:\/\/acronoticias.com\/index.php\/2026\/01\/07\/eduardo-sanz-lovaton-es-nombrado-ministro-de-industria-comercio-y-mipymes\/","title":{"rendered":"Eduardo Sanz Lovat\u00f3n es nombrado ministro de Industria, Comercio y Mipymes"},"content":{"rendered":"<div data-td-block-uid=\"tdi_101\">\n<div class=\"tdb-block-inner td-fix-index\">\n<p>SANTO DOMINGO. \u2013 El presidente de la Rep\u00fablica, Luis Abinader, design\u00f3 mediante decreto a Eduardo \u201cYayo\u201d Sanz Lovat\u00f3n como el nuevo ministro de Industria, Comercio y Mipymes (MICM).<\/p>\n<p>Sanz Lovat\u00f3n, quien desde agosto de 2020 desempe\u00f1\u00f3 una destacada labor como director general de Aduanas, asume este nuevo reto con el objetivo de continuar impulsando el crecimiento econ\u00f3mico del pa\u00eds.<\/p>\n<p>Abogado de profesi\u00f3n por la PUCMM y con una maestr\u00eda en Derecho Internacional en Par\u00eds, Sanz Lovat\u00f3n cuenta con una s\u00f3lida trayectoria tanto en el sector privado como en el p\u00fablico.<\/p>\n<p>Es miembro fundador del PRM y fue una pieza clave como director pol\u00edtico en la campa\u00f1a presidencial de 2020.<\/p>\n<p>Su gesti\u00f3n en Aduanas fue reconocida por la modernizaci\u00f3n de los procesos y la eficiencia recaudatoria.<\/p>\n<\/div>\n<\/div>\n","protected":false},"excerpt":{"rendered":"<p>SANTO DOMINGO. \u2013 El presidente de la Rep\u00fablica, Luis Abinader, design\u00f3 mediante decreto a Eduardo \u201cYayo\u201d Sanz Lovat\u00f3n como el nuevo ministro de Industria, Comercio y Mipymes (MICM). Sanz Lovat\u00f3n, quien desde agosto de 2020 desempe\u00f1\u00f3 una destacada labor como director general de Aduanas, asume este nuevo reto con el objetivo de continuar impulsando el<\/p>\n","protected":false},"author":1,"featured_media":13447,"comment_status":"open","ping_status":"open","sticky":false,"template":"","format":"standard","meta":{"footnotes":""},"categories":[1],"tags":[],"class_list":["post-13446","post","type-post","status-publish","format-standard","has-post-thumbnail","hentry","category-nacionales"],"_links":{"self":[{"href":"https:\/\/acronoticias.com\/index.php\/wp-json\/wp\/v2\/posts\/13446","targetHints":{"allow":["GET"]}}],"collection":[{"href":"https:\/\/acronoticias.com\/index.php\/wp-json\/wp\/v2\/posts"}],"about":[{"href":"https:\/\/acronoticias.com\/index.php\/wp-json\/wp\/v2\/types\/post"}],"author":[{"embeddable":true,"href":"https:\/\/acronoticias.com\/index.php\/wp-json\/wp\/v2\/users\/1"}],"replies":[{"embeddable":true,"href":"https:\/\/acronoticias.com\/index.php\/wp-json\/wp\/v2\/comments?post=13446"}],"version-history":[{"count":0,"href":"https:\/\/acronoticias.com\/index.php\/wp-json\/wp\/v2\/posts\/13446\/revisions"}],"wp:featuredmedia":[{"embeddable":true,"href":"https:\/\/acronoticias.com\/index.php\/wp-json\/wp\/v2\/media\/13447"}],"wp:attachment":[{"href":"https:\/\/acronoticias.com\/index.php\/wp-json\/wp\/v2\/media?parent=13446"}],"wp:term":[{"taxonomy":"category","embeddable":true,"href":"https:\/\/acronoticias.com\/index.php\/wp-json\/wp\/v2\/categories?post=13446"},{"taxonomy":"post_tag","embeddable":true,"href":"https:\/\/acronoticias.com\/index.php\/wp-json\/wp\/v2\/tags?post=13446"}],"curies":[{"name":"wp","href":"https:\/\/api.w.org\/{rel}","templated":true}]}}