{"id":1270,"date":"2025-11-02T14:17:56","date_gmt":"2025-11-02T14:17:56","guid":{"rendered":"https:\/\/acronoticias.com\/index.php\/2025\/11\/02\/153-dos-tercios-en-guerras\/"},"modified":"2025-11-02T14:17:56","modified_gmt":"2025-11-02T14:17:56","slug":"153-dos-tercios-en-guerras","status":"publish","type":"post","link":"https:\/\/acronoticias.com\/index.php\/2025\/11\/02\/153-dos-tercios-en-guerras\/","title":{"rendered":"153, dos tercios en guerras"},"content":{"rendered":"<div id=\"leercontexto\" style=\"text-align:justify;margin-top: 15px; \">\n<p>Ginebra (EFE).- <strong>153 periodistas y trabajadores de medios han sido asesinados en el mundo<\/strong> en lo que va de a\u00f1o, una cifra que \u00abnunca hab\u00eda sido tan alta en diez meses\u00bb, denunci\u00f3 la Campa\u00f1a Emblema de Prensa (PEC), que subray\u00f3 que dos tercios de las muertes se produjeron en conflictos armados.<\/p>\n<h2 class=\"wp-block-heading\" id=\"h-gaza-la-zona-mas-peligrosa\">Gaza, la zona m\u00e1s peligrosa<\/h2>\n<p>La Franja de Gaza\u00a0ha sido especialmente peligrosa para los profesionales de la informaci\u00f3n, con 57 periodistas asesinados en lo que va de a\u00f1o. Le siguen la guerra de Ucrania y Yemen, sumido en una contienda civil desde 2015, con otros once cada uno.<\/p>\n<p>M\u00e9xico se posiciona como el pa\u00eds sin un conflicto armado donde m\u00e1s periodistas han sido asesinados, 10, superando incluso a Sud\u00e1n, con 7.<\/p>\n<p>\u00abNunca antes hab\u00edan sido asesinados tantos periodistas sin que se lleven a cabo investigaciones para identificar a los responsables y llevarlos ante la justicia\u00bb, lament\u00f3 el presidente de la PEC, Blaiser Lempen.<\/p>\n<h3 class=\"wp-block-heading\">Puedes leer: <a href=\"https:\/\/hoy.com.do\/02-de-noviembre-se-conmemora-el-dia-internacional-para-poner-fin-a-la-impunidad-de-los-crimenes-contra-periodistas\/\">02 de noviembre se conmemora el D\u00eda Internacional para Poner Fin a la Impunidad de los Cr\u00edmenes contra Periodistas<\/a><\/h3>\n<p>Con motivo del D\u00eda Internacional para Poner Fin a la Impunidad de los Cr\u00edmenes contra Periodistas que se conmemora el 2 de noviembre, la ONG urgi\u00f3 a todos los Estados miembros de la ONU a apoyar el establecimiento de una comisi\u00f3n independiente internacional que investigue las violaciones graves del derecho internacional humanitario, penal o de derechos humanos cometidas contra los periodistas.<\/p>\n<p>Esta comisi\u00f3n independiente emitir\u00eda recomendaciones para fortalecer la legislaci\u00f3n de los pa\u00edses, los mecanismos de rendici\u00f3n de cuentas y la reparaci\u00f3n de las v\u00edctimas, \u00abfacilitando as\u00ed la verdad y previniendo la reincidencia\u00bb.<\/p>\n<h2 class=\"wp-block-heading\" id=\"h-una-senal-escalofriante-de-que-los-poderosos-pueden-silenciar-voces\">\u00abUna se\u00f1al escalofriante de que los poderosos pueden silenciar voces\u00bb<\/h2>\n<p><strong><em>\u00abCuando un periodista es asesinado y el crimen queda impune, esta tragedia tambi\u00e9n transmite el mensaje de que matar a periodistas es aceptable (\u2026), env\u00eda una se\u00f1al escalofriante de que los poderosos pueden silenciar voces\u00bb, denunci\u00f3 la ONG.<br \/><\/em><\/strong><br \/>El resto de asesinatos de periodistas en 2025 se ha producido en India (6), Pakist\u00e1n (5), Bangladesh (4), Ecuador (4), Ir\u00e1n (4), Filipinas (3), Siria (3), Afganist\u00e1n (2), Colombia (2), Honduras (2), Irak (2), L\u00edbano (2), Nigeria (2), Per\u00fa (2), Rep\u00fablica Democr\u00e1tica del Congo (2), Estados Unidos (2), Brasil (1), Guatemala (1), Hait\u00ed (1), Nepal (1), Arabia Saud\u00ed (1), Somalia (1), Turqu\u00eda (1) y Zimbabue (1).<\/p>\n<\/p><\/div>\n","protected":false},"excerpt":{"rendered":"<p>Ginebra (EFE).- 153 periodistas y trabajadores de medios han sido asesinados en el mundo en lo que va de a\u00f1o, una cifra que \u00abnunca hab\u00eda sido tan alta en diez meses\u00bb, denunci\u00f3 la Campa\u00f1a Emblema de Prensa (PEC), que subray\u00f3 que dos tercios de las muertes se produjeron en conflictos armados. Gaza, la zona m\u00e1s<\/p>\n","protected":false},"author":1,"featured_media":1271,"comment_status":"open","ping_status":"open","sticky":false,"template":"","format":"standard","meta":{"footnotes":""},"categories":[3],"tags":[],"class_list":["post-1270","post","type-post","status-publish","format-standard","has-post-thumbnail","hentry","category-internacionales"],"_links":{"self":[{"href":"https:\/\/acronoticias.com\/index.php\/wp-json\/wp\/v2\/posts\/1270","targetHints":{"allow":["GET"]}}],"collection":[{"href":"https:\/\/acronoticias.com\/index.php\/wp-json\/wp\/v2\/posts"}],"about":[{"href":"https:\/\/acronoticias.com\/index.php\/wp-json\/wp\/v2\/types\/post"}],"author":[{"embeddable":true,"href":"https:\/\/acronoticias.com\/index.php\/wp-json\/wp\/v2\/users\/1"}],"replies":[{"embeddable":true,"href":"https:\/\/acronoticias.com\/index.php\/wp-json\/wp\/v2\/comments?post=1270"}],"version-history":[{"count":0,"href":"https:\/\/acronoticias.com\/index.php\/wp-json\/wp\/v2\/posts\/1270\/revisions"}],"wp:featuredmedia":[{"embeddable":true,"href":"https:\/\/acronoticias.com\/index.php\/wp-json\/wp\/v2\/media\/1271"}],"wp:attachment":[{"href":"https:\/\/acronoticias.com\/index.php\/wp-json\/wp\/v2\/media?parent=1270"}],"wp:term":[{"taxonomy":"category","embeddable":true,"href":"https:\/\/acronoticias.com\/index.php\/wp-json\/wp\/v2\/categories?post=1270"},{"taxonomy":"post_tag","embeddable":true,"href":"https:\/\/acronoticias.com\/index.php\/wp-json\/wp\/v2\/tags?post=1270"}],"curies":[{"name":"wp","href":"https:\/\/api.w.org\/{rel}","templated":true}]}}