{"id":11773,"date":"2025-12-29T23:32:13","date_gmt":"2025-12-29T23:32:13","guid":{"rendered":"https:\/\/acronoticias.com\/index.php\/2025\/12\/29\/mueren-dos-hombres-electrocutados-en-gaspar-hernandez-el-nuevo-diario-republica-dominicana\/"},"modified":"2025-12-29T23:32:13","modified_gmt":"2025-12-29T23:32:13","slug":"mueren-dos-hombres-electrocutados-en-gaspar-hernandez-el-nuevo-diario-republica-dominicana","status":"publish","type":"post","link":"https:\/\/acronoticias.com\/index.php\/2025\/12\/29\/mueren-dos-hombres-electrocutados-en-gaspar-hernandez-el-nuevo-diario-republica-dominicana\/","title":{"rendered":"Mueren dos hombres electrocutados en Gaspar Hern\u00e1ndez \u2013 El Nuevo Diario (Rep\u00fablica Dominicana)"},"content":{"rendered":"<p><i class=\"bi bi-camera-fill\" style=\"font-size:18px; color:var(--rojo)\"\/>  Ilustraci\u00f3n: El Nuevo Diario.<\/p>\n<div>\n<p><strong>EL NUEVO DIARIO, GASPAR HERN\u00c1NDEZ. \u2013<\/strong> Dos hombres fallecieron electrocutados este lunes tras caer un cable de tendido el\u00e9ctrico sobre la camioneta en que se transportaban cargada de metales viejos en la comunidad El Jobo en Gaspar Hern\u00e1ndez.<\/p>\n<p>Uno de los fallecidos fue identificado como \u00c1ngel Junior Rodr\u00edguez Rodr\u00edguez, que seg\u00fan su c\u00e9dula reside en Santiago; mientras que la otra v\u00edctima a\u00fan no ha sido identificada ya que no portaba documentos de identidad al momento del incidente.<\/p>\n<p>El cable el\u00e9ctrico hizo contacto con una nevera oxidada que transportaban en la parte trasera de la camioneta lo que gener\u00f3 la intensificaci\u00f3n de la descarga e impact\u00f3 a ambos hombres dej\u00e1ndoles tendidos boca arriba en el terreno rocoso de la zona.\u00a0 Los occisos se dedicaban a la compra de metales en una camioneta, labor que realizaban cuando recibieron la descarga el\u00e9ctrica.<\/p>\n<p>\u00a0<\/p>\n<p>NLP\/<\/p>\n<p><h3 class=\"jp-relatedposts-headline\"><em>Relacionado<\/em><\/h3>\n<\/p>\n<p>\t\t\t\t\t\t<!-- .entry-footer --><br \/>\n\t\t\t\t\t\t<!-- \n\n<div data-type=\"_mgwidget\" data-widget-id=\"1743501\"><\/div>\n\n  -->\n\t\t\t\t\t<\/div>\n","protected":false},"excerpt":{"rendered":"<p>Ilustraci\u00f3n: El Nuevo Diario. EL NUEVO DIARIO, GASPAR HERN\u00c1NDEZ. \u2013 Dos hombres fallecieron electrocutados este lunes tras caer un cable de tendido el\u00e9ctrico sobre la camioneta en que se transportaban cargada de metales viejos en la comunidad El Jobo en Gaspar Hern\u00e1ndez. Uno de los fallecidos fue identificado como \u00c1ngel Junior Rodr\u00edguez Rodr\u00edguez, que seg\u00fan<\/p>\n","protected":false},"author":1,"featured_media":11774,"comment_status":"open","ping_status":"open","sticky":false,"template":"","format":"standard","meta":{"footnotes":""},"categories":[1],"tags":[],"class_list":["post-11773","post","type-post","status-publish","format-standard","has-post-thumbnail","hentry","category-nacionales"],"_links":{"self":[{"href":"https:\/\/acronoticias.com\/index.php\/wp-json\/wp\/v2\/posts\/11773","targetHints":{"allow":["GET"]}}],"collection":[{"href":"https:\/\/acronoticias.com\/index.php\/wp-json\/wp\/v2\/posts"}],"about":[{"href":"https:\/\/acronoticias.com\/index.php\/wp-json\/wp\/v2\/types\/post"}],"author":[{"embeddable":true,"href":"https:\/\/acronoticias.com\/index.php\/wp-json\/wp\/v2\/users\/1"}],"replies":[{"embeddable":true,"href":"https:\/\/acronoticias.com\/index.php\/wp-json\/wp\/v2\/comments?post=11773"}],"version-history":[{"count":0,"href":"https:\/\/acronoticias.com\/index.php\/wp-json\/wp\/v2\/posts\/11773\/revisions"}],"wp:featuredmedia":[{"embeddable":true,"href":"https:\/\/acronoticias.com\/index.php\/wp-json\/wp\/v2\/media\/11774"}],"wp:attachment":[{"href":"https:\/\/acronoticias.com\/index.php\/wp-json\/wp\/v2\/media?parent=11773"}],"wp:term":[{"taxonomy":"category","embeddable":true,"href":"https:\/\/acronoticias.com\/index.php\/wp-json\/wp\/v2\/categories?post=11773"},{"taxonomy":"post_tag","embeddable":true,"href":"https:\/\/acronoticias.com\/index.php\/wp-json\/wp\/v2\/tags?post=11773"}],"curies":[{"name":"wp","href":"https:\/\/api.w.org\/{rel}","templated":true}]}}