{"id":11473,"date":"2025-12-28T14:01:04","date_gmt":"2025-12-28T14:01:04","guid":{"rendered":"https:\/\/acronoticias.com\/index.php\/2025\/12\/28\/inauguran-dos-parques-en-santana-de-bahoruco-con-inversion-superior-a-rd6-mm-el-nuevo-diario-republica-dominicana\/"},"modified":"2025-12-28T14:01:04","modified_gmt":"2025-12-28T14:01:04","slug":"inauguran-dos-parques-en-santana-de-bahoruco-con-inversion-superior-a-rd6-mm-el-nuevo-diario-republica-dominicana","status":"publish","type":"post","link":"https:\/\/acronoticias.com\/index.php\/2025\/12\/28\/inauguran-dos-parques-en-santana-de-bahoruco-con-inversion-superior-a-rd6-mm-el-nuevo-diario-republica-dominicana\/","title":{"rendered":"Inauguran dos parques en Santana de Bahoruco con inversi\u00f3n superior a RD$6 MM \u2013 El Nuevo Diario (Rep\u00fablica Dominicana)"},"content":{"rendered":"<p><i class=\"bi bi-camera-fill\" style=\"font-size:18px; color:var(--rojo)\"\/> Foto: Antonio Medina\/END.<\/p>\n<div>\n<p>EL NUEVO DIARIO, BAHORUCO.- Con un costo superior a los RD$ 6,000,000.00, el director del Distrito Municipal de Santana en Tamayo, provincia Bahoruco, Armando Escanio, inaugur\u00f3 dos parques en las comunidades de San Ram\u00f3n y Los Conuquitos.<\/p>\n<p>La inauguraci\u00f3n de ambas obras, cont\u00f3 con la presencia de comunitarios, representantes de la sociedad civil que mostraron su alegr\u00eda por contar por primera vez, con espacios de recreaci\u00f3n que les permitir\u00e1 disfrutar de una sana recreaci\u00f3n y esparcimiento.<\/p>\n<p>\u201cPor primera vez, un Ayuntamiento del distrito hace dos obras con fondos propios a la vez. As\u00ed que compa\u00f1eros les exhorto a que conf\u00eden en m\u00ed, nunca los defraudar\u00e9 ustedes me conocen y saben que la riqueza no me ha interesado, aunque nunca fui pobre\u201d, dijo el Ejecutivo municipal de Santana.<\/p>\n<figure id=\"attachment_2948662\" aria-describedby=\"caption-attachment-2948662\" style=\"width: 1600px\" class=\"wp-caption alignnone\"><img loading=\"lazy\" data-recalc-dims=\"1\" data-dominant-color=\"746f73\" data-has-transparency=\"false\" style=\"--dominant-color: #746f73;\" decoding=\"async\" class=\"size-full wp-image-2948662 not-transparent\" src=\"https:\/\/i0.wp.com\/nuevodiario-assets.s3.us-east-2.amazonaws.com\/wp-content\/uploads\/2025\/12\/WhatsApp-Image-2025-12-28-at-9.26.49-AM.jpeg?resize=640%2C360&amp;quality=100&amp;ssl=1\" alt=\"\" width=\"640\" height=\"360\" srcset=\"https:\/\/nuevodiario-assets.s3.us-east-2.amazonaws.com\/wp-content\/uploads\/2025\/12\/WhatsApp-Image-2025-12-28-at-9.26.49-AM.jpeg 1600w, https:\/\/nuevodiario-assets.s3.us-east-2.amazonaws.com\/wp-content\/uploads\/2025\/12\/WhatsApp-Image-2025-12-28-at-9.26.49-AM.jpeg 400w, https:\/\/nuevodiario-assets.s3.us-east-2.amazonaws.com\/wp-content\/uploads\/2025\/12\/WhatsApp-Image-2025-12-28-at-9.26.49-AM.jpeg 800w, https:\/\/nuevodiario-assets.s3.us-east-2.amazonaws.com\/wp-content\/uploads\/2025\/12\/WhatsApp-Image-2025-12-28-at-9.26.49-AM.jpeg 768w, https:\/\/nuevodiario-assets.s3.us-east-2.amazonaws.com\/wp-content\/uploads\/2025\/12\/WhatsApp-Image-2025-12-28-at-9.26.49-AM.jpeg 1536w, https:\/\/nuevodiario-assets.s3.us-east-2.amazonaws.com\/wp-content\/uploads\/2025\/12\/WhatsApp-Image-2025-12-28-at-9.26.49-AM.jpeg 355w, https:\/\/nuevodiario-assets.s3.us-east-2.amazonaws.com\/wp-content\/uploads\/2025\/12\/WhatsApp-Image-2025-12-28-at-9.26.49-AM.jpeg 600w, https:\/\/nuevodiario-assets.s3.us-east-2.amazonaws.com\/wp-content\/uploads\/2025\/12\/WhatsApp-Image-2025-12-28-at-9.26.49-AM.jpeg 1280w\" sizes=\"auto, (max-width: 640px) 100vw, 640px\"\/><figcaption id=\"caption-attachment-2948662\" class=\"wp-caption-text\"><strong><em>Foto: Antonio Medina\/END.<\/em><\/strong><\/figcaption><\/figure>\n<p>Escanio, ratific\u00f3 su compromiso en impulsar las acciones de desarrollo de Santana y pidi\u00f3 a los beneficiarios a preservar los primeros parques que se levantan en sus comunidades en los 22 a\u00f1os de fundaci\u00f3n del distrito municipal.<\/p>\n<p>El funcionario, garantiz\u00f3 la distribuci\u00f3n equitativa de los recursos de la municipalidad entre los seis territorios del distrito con el respaldo de los vocales con quienes mantiene la armon\u00eda a pesar de ser de tres partidos diferentes.<\/p>\n<p>Anunci\u00f3 la construcci\u00f3n de aceras y contenes en Los Conuquitos, a partir del pr\u00f3ximo mes de enero.<\/p>\n<p>De su lado, el presidente de la Sala Capitular de Santana, Jeison Cabrera, dijo que los vocales vienen trabajando en coordinaci\u00f3n con el director del distrito en beneficio de las comunidades.<br \/>En las inauguraciones estaban los directores de Mena (Brandy Cuevas), Santa B\u00e1rbara (Sim\u00f3n Bol\u00edvar Montero) y el exalcalde de Tamayo, Luis Milciades Montes de Oca; ambos ponderaron el trabajo realizado por Armando Escanio.<\/p>\n<h3><strong>Otros detalles<\/strong><\/h3>\n<p>El parque de San Ram\u00f3n, fue construido con un monto de RD$ 2, 396,000.00 mil pesos y cuenta con una malla de protecci\u00f3n para evitar que los ni\u00f1os caigan en una regola de agua destinada para la agricultura.<\/p>\n<p>En sus palabras de agradecimiento, el comunitario Aquilino Encarnaci\u00f3n Terrero, dijo que Santana no hab\u00eda tenido otro director comprometido con el distrito Armando Escanio.<\/p>\n<p>El parque de Los Conuquitos, cost\u00f3 RD$ 3,961, 223.00, debido a que se contemplaron otras acciones que no figuraron en el proyecto original, seg\u00fan Neno.<\/p>\n<p>El dirigente comunitario, Fabi\u00e1n Matos Pineda, agradeci\u00f3 la construcci\u00f3n de la obra de recreaci\u00f3n que ven\u00edan reclamando desde a\u00f1os atr\u00e1s sin que se atendiera esa necesidad.<br \/>Matos Pineda, consider\u00f3 que por el trabajo que viene desarrollando Armando Escanio merece continuar al frente de la Junta Administrativa m\u00e1s all\u00e1 del 2028.<\/p>\n<p><h3 class=\"jp-relatedposts-headline\"><em>Relacionado<\/em><\/h3>\n<\/p>\n<p>\t\t\t\t\t\t<!-- .entry-footer --><br \/>\n\t\t\t\t\t\t<!-- \n\n<div data-type=\"_mgwidget\" data-widget-id=\"1743501\"><\/div>\n\n  -->\n\t\t\t\t\t<\/div>\n","protected":false},"excerpt":{"rendered":"<p>Foto: Antonio Medina\/END. EL NUEVO DIARIO, BAHORUCO.- Con un costo superior a los RD$ 6,000,000.00, el director del Distrito Municipal de Santana en Tamayo, provincia Bahoruco, Armando Escanio, inaugur\u00f3 dos parques en las comunidades de San Ram\u00f3n y Los Conuquitos. La inauguraci\u00f3n de ambas obras, cont\u00f3 con la presencia de comunitarios, representantes de la sociedad<\/p>\n","protected":false},"author":1,"featured_media":11474,"comment_status":"open","ping_status":"open","sticky":false,"template":"","format":"standard","meta":{"footnotes":""},"categories":[1],"tags":[],"class_list":["post-11473","post","type-post","status-publish","format-standard","has-post-thumbnail","hentry","category-nacionales"],"_links":{"self":[{"href":"https:\/\/acronoticias.com\/index.php\/wp-json\/wp\/v2\/posts\/11473","targetHints":{"allow":["GET"]}}],"collection":[{"href":"https:\/\/acronoticias.com\/index.php\/wp-json\/wp\/v2\/posts"}],"about":[{"href":"https:\/\/acronoticias.com\/index.php\/wp-json\/wp\/v2\/types\/post"}],"author":[{"embeddable":true,"href":"https:\/\/acronoticias.com\/index.php\/wp-json\/wp\/v2\/users\/1"}],"replies":[{"embeddable":true,"href":"https:\/\/acronoticias.com\/index.php\/wp-json\/wp\/v2\/comments?post=11473"}],"version-history":[{"count":0,"href":"https:\/\/acronoticias.com\/index.php\/wp-json\/wp\/v2\/posts\/11473\/revisions"}],"wp:featuredmedia":[{"embeddable":true,"href":"https:\/\/acronoticias.com\/index.php\/wp-json\/wp\/v2\/media\/11474"}],"wp:attachment":[{"href":"https:\/\/acronoticias.com\/index.php\/wp-json\/wp\/v2\/media?parent=11473"}],"wp:term":[{"taxonomy":"category","embeddable":true,"href":"https:\/\/acronoticias.com\/index.php\/wp-json\/wp\/v2\/categories?post=11473"},{"taxonomy":"post_tag","embeddable":true,"href":"https:\/\/acronoticias.com\/index.php\/wp-json\/wp\/v2\/tags?post=11473"}],"curies":[{"name":"wp","href":"https:\/\/api.w.org\/{rel}","templated":true}]}}