{"id":11471,"date":"2025-12-28T13:45:33","date_gmt":"2025-12-28T13:45:33","guid":{"rendered":"https:\/\/acronoticias.com\/index.php\/2025\/12\/28\/71-accidentes-de-transito-danaron-84-postes-de-luz-en-santiago-este-2025-hay-perdidas-millonarias-el-nuevo-diario-republica-dominicana\/"},"modified":"2025-12-28T13:45:33","modified_gmt":"2025-12-28T13:45:33","slug":"71-accidentes-de-transito-danaron-84-postes-de-luz-en-santiago-este-2025-hay-perdidas-millonarias-el-nuevo-diario-republica-dominicana","status":"publish","type":"post","link":"https:\/\/acronoticias.com\/index.php\/2025\/12\/28\/71-accidentes-de-transito-danaron-84-postes-de-luz-en-santiago-este-2025-hay-perdidas-millonarias-el-nuevo-diario-republica-dominicana\/","title":{"rendered":"71 accidentes de tr\u00e1nsito da\u00f1aron 84 postes de luz en Santiago este 2025; hay p\u00e9rdidas millonarias \u2013 El Nuevo Diario (Rep\u00fablica Dominicana)"},"content":{"rendered":"<p><i class=\"bi bi-camera-fill\" style=\"font-size:18px; color:var(--rojo)\"\/> Poste tumbado por cami\u00f3n urb. Garden Hill (Foto: Edenorte)<\/p>\n<div>\n<p>EL NUEVO DIARIO, SANTIAGO.\u2013 La Gerencia de Mantenimiento del Sector Santiago, adscrita a la Direcci\u00f3n de Distribuci\u00f3n de Edenorte Dominicana, alert\u00f3 este domingo sobre el fuerte impacto que han tenido los accidentes de tr\u00e1nsito en la infraestructura el\u00e9ctrica durante el a\u00f1o 2025, tras registrarse 71 accidentes vehiculares que provocaron la rotura de 84 postes del tendido el\u00e9ctrico en distintos puntos de la provincia.<\/p>\n<p>Mediante un comunicado, la entidad se\u00f1al\u00f3 que estos hechos generaron interrupciones prolongadas del servicio, afectando a cientos de miles de clientes, adem\u00e1s de p\u00e9rdidas millonarias tanto en infraestructura de redes de media y alta tensi\u00f3n como en energ\u00eda no servida durante los procesos de reparaci\u00f3n.<\/p>\n<p>De acuerdo con el informe t\u00e9cnico, los accidentes se produjeron principalmente en importantes corredores viales y zonas estrat\u00e9gicas de la provincia, como la autopista Duarte, la avenida Estrella Sadhal\u00e1, la Circunvalaci\u00f3n Norte, la autopista Joaqu\u00edn Balaguer, la avenida Hispanoamericana, la carretera Navarrete\u2013Puerto Plata, la carretera de la Presa de Tavera, la carretera La Tur\u00edstica, as\u00ed como en comunidades de San Jos\u00e9 de las Matas como Inoa, El Rubio y La Cuesta, adem\u00e1s de Camp David, Pedro Garc\u00eda y Hato Mayor.<\/p>\n<figure id=\"attachment_2948640\" aria-describedby=\"caption-attachment-2948640\" style=\"width: 900px\" class=\"wp-caption alignnone\"><img loading=\"lazy\" data-recalc-dims=\"1\" data-dominant-color=\"452320\" data-has-transparency=\"false\" style=\"--dominant-color: #452320;\" decoding=\"async\" class=\"size-full wp-image-2948640 not-transparent\" src=\"https:\/\/i0.wp.com\/nuevodiario-assets.s3.us-east-2.amazonaws.com\/wp-content\/uploads\/2025\/12\/Accidente-Autopista-Duarte.jpeg?resize=640%2C1138&amp;quality=100&amp;ssl=1\" alt=\"\" width=\"640\" height=\"1138\" srcset=\"https:\/\/nuevodiario-assets.s3.us-east-2.amazonaws.com\/wp-content\/uploads\/2025\/12\/Accidente-Autopista-Duarte.jpeg 900w, https:\/\/nuevodiario-assets.s3.us-east-2.amazonaws.com\/wp-content\/uploads\/2025\/12\/Accidente-Autopista-Duarte.jpeg 225w, https:\/\/nuevodiario-assets.s3.us-east-2.amazonaws.com\/wp-content\/uploads\/2025\/12\/Accidente-Autopista-Duarte.jpeg 450w, https:\/\/nuevodiario-assets.s3.us-east-2.amazonaws.com\/wp-content\/uploads\/2025\/12\/Accidente-Autopista-Duarte.jpeg 768w, https:\/\/nuevodiario-assets.s3.us-east-2.amazonaws.com\/wp-content\/uploads\/2025\/12\/Accidente-Autopista-Duarte.jpeg 864w, https:\/\/nuevodiario-assets.s3.us-east-2.amazonaws.com\/wp-content\/uploads\/2025\/12\/Accidente-Autopista-Duarte.jpeg 600w\" sizes=\"auto, (max-width: 640px) 100vw, 640px\"\/><figcaption id=\"caption-attachment-2948640\" class=\"wp-caption-text\"><strong>Accidente Autopista Duarte (Foto: Edenorte)<\/strong><\/figcaption><\/figure>\n<p>En varias de estas v\u00edas, los impactos no solo ocasionaron da\u00f1os materiales, sino que tambi\u00e9n estuvieron asociados a hechos lamentables con p\u00e9rdidas humanas, que es la principal preocupaci\u00f3n de las autoridades que dirigen esta empresa.<\/p>\n<p>La empresa distribuidora subray\u00f3 que, aunque el impacto econ\u00f3mico es considerable, la consecuencia m\u00e1s grave de estos accidentes es la p\u00e9rdida irreparable de vidas humanas. En ese sentido, reiter\u00f3 que muchos de estos hechos est\u00e1n vinculados a la imprudencia al volante, el exceso de velocidad, el consumo de alcohol y la distracci\u00f3n mientras se conduce, factores que se incrementan de manera notable durante las celebraciones de Navidad y A\u00f1o Nuevo.<\/p>\n<p>Edenorte explic\u00f3 que cada accidente que afecta un poste del tendido el\u00e9ctrico implica una compleja operaci\u00f3n t\u00e9cnica que incluye la sustituci\u00f3n de estructuras, reparaci\u00f3n de redes de media y alta tensi\u00f3n, reposici\u00f3n de conductores y, en algunos casos, de transformadores, adem\u00e1s del despliegue de brigadas especializadas que laboran de manera continua, incluso en horarios nocturnos.<\/p>\n<figure id=\"attachment_2948641\" aria-describedby=\"caption-attachment-2948641\" style=\"width: 1600px\" class=\"wp-caption alignnone\"><img data-recalc-dims=\"1\" data-dominant-color=\"251a18\" data-has-transparency=\"false\" style=\"--dominant-color: #251a18;\" loading=\"lazy\" decoding=\"async\" class=\"size-full wp-image-2948641 not-transparent\" src=\"https:\/\/i0.wp.com\/nuevodiario-assets.s3.us-east-2.amazonaws.com\/wp-content\/uploads\/2025\/12\/Accidente-en-carretera-La-Cumbre.jpeg?resize=640%2C360&amp;quality=100&amp;ssl=1\" alt=\"\" width=\"640\" height=\"360\" srcset=\"https:\/\/nuevodiario-assets.s3.us-east-2.amazonaws.com\/wp-content\/uploads\/2025\/12\/Accidente-en-carretera-La-Cumbre.jpeg 1600w, https:\/\/nuevodiario-assets.s3.us-east-2.amazonaws.com\/wp-content\/uploads\/2025\/12\/Accidente-en-carretera-La-Cumbre.jpeg 400w, https:\/\/nuevodiario-assets.s3.us-east-2.amazonaws.com\/wp-content\/uploads\/2025\/12\/Accidente-en-carretera-La-Cumbre.jpeg 800w, https:\/\/nuevodiario-assets.s3.us-east-2.amazonaws.com\/wp-content\/uploads\/2025\/12\/Accidente-en-carretera-La-Cumbre.jpeg 768w, https:\/\/nuevodiario-assets.s3.us-east-2.amazonaws.com\/wp-content\/uploads\/2025\/12\/Accidente-en-carretera-La-Cumbre.jpeg 1536w, https:\/\/nuevodiario-assets.s3.us-east-2.amazonaws.com\/wp-content\/uploads\/2025\/12\/Accidente-en-carretera-La-Cumbre.jpeg 355w, https:\/\/nuevodiario-assets.s3.us-east-2.amazonaws.com\/wp-content\/uploads\/2025\/12\/Accidente-en-carretera-La-Cumbre.jpeg 600w, https:\/\/nuevodiario-assets.s3.us-east-2.amazonaws.com\/wp-content\/uploads\/2025\/12\/Accidente-en-carretera-La-Cumbre.jpeg 1280w\" sizes=\"auto, (max-width: 640px) 100vw, 640px\"\/><figcaption id=\"caption-attachment-2948641\" class=\"wp-caption-text\"><strong>Accidente en carretera La Cumbre (Foto: Edenorte)<\/strong><\/figcaption><\/figure>\n<p>Estas intervenciones representan una inversi\u00f3n millonaria no planificada y un impacto significativo en la energ\u00eda no servida, con efectos directos en hogares, comercios, industrias, hospitales y otros servicios esenciales.<\/p>\n<p>Ante esta realidad, la Gerencia de Mantenimiento del Sector Santiago hizo un llamado enf\u00e1tico a la conciencia y la responsabilidad de todos los conductores, record\u00f3 que cuando un poste cae no solo se interrumpe el servicio el\u00e9ctrico, sino que se afecta la calidad de vida de cientos de familias y se pone en riesgo la seguridad de comunidades enteras, adem\u00e1s de exponer a los equipos t\u00e9cnicos que trabajan para restablecer el suministro.<\/p>\n<p>Finalmente, Edenorte Dominicana exhort\u00f3 a la ciudadan\u00eda a conducir con prudencia y respeto a las normas de tr\u00e1nsito, no solo en este cierre de 2025, sino de manera permanente durante el 2026 y los a\u00f1os venideros, como una forma de proteger vidas, evitar da\u00f1os a la infraestructura el\u00e9ctrica y garantizar la continuidad de un servicio esencial para el desarrollo y bienestar de la sociedad.<\/p>\n<figure id=\"attachment_2948639\" aria-describedby=\"caption-attachment-2948639\" style=\"width: 960px\" class=\"wp-caption alignnone\"><img data-recalc-dims=\"1\" data-dominant-color=\"393a3c\" data-has-transparency=\"false\" style=\"--dominant-color: #393a3c;\" loading=\"lazy\" decoding=\"async\" class=\"size-full wp-image-2948639 not-transparent\" src=\"https:\/\/i0.wp.com\/nuevodiario-assets.s3.us-east-2.amazonaws.com\/wp-content\/uploads\/2025\/12\/Brigada-instalando-poste-tras-accidente-en-autopista-Duarte.jpeg?resize=640%2C853&amp;quality=100&amp;ssl=1\" alt=\"\" width=\"640\" height=\"853\" srcset=\"https:\/\/nuevodiario-assets.s3.us-east-2.amazonaws.com\/wp-content\/uploads\/2025\/12\/Brigada-instalando-poste-tras-accidente-en-autopista-Duarte.jpeg 960w, https:\/\/nuevodiario-assets.s3.us-east-2.amazonaws.com\/wp-content\/uploads\/2025\/12\/Brigada-instalando-poste-tras-accidente-en-autopista-Duarte.jpeg 300w, https:\/\/nuevodiario-assets.s3.us-east-2.amazonaws.com\/wp-content\/uploads\/2025\/12\/Brigada-instalando-poste-tras-accidente-en-autopista-Duarte.jpeg 600w, https:\/\/nuevodiario-assets.s3.us-east-2.amazonaws.com\/wp-content\/uploads\/2025\/12\/Brigada-instalando-poste-tras-accidente-en-autopista-Duarte.jpeg 768w\" sizes=\"auto, (max-width: 640px) 100vw, 640px\"\/><figcaption id=\"caption-attachment-2948639\" class=\"wp-caption-text\"><strong>Brigada instalando poste tras accidente en autopista Duarte (Foto: Edenorte)<\/strong><\/figcaption><\/figure>\n<p>La empresa record\u00f3 que, aunque sus brigadas trabajan sin descanso para restablecer el servicio en el menor tiempo posible, muchos de estos eventos son totalmente evitables.<\/p>\n<p>\u201cApelamos a que tanto en este cierre de 2025 como en todo el 2026, los conductores asuman una actitud responsable al volante, para proteger vidas, evitar da\u00f1os a la infraestructura y mantener encendida la energ\u00eda que mueve a nuestras comunidades\u201d, concluye el comunicado.<\/p>\n<p><h3 class=\"jp-relatedposts-headline\"><em>Relacionado<\/em><\/h3>\n<\/p>\n<p>\t\t\t\t\t\t<!-- .entry-footer --><br \/>\n\t\t\t\t\t\t<!-- \n\n<div data-type=\"_mgwidget\" data-widget-id=\"1743501\"><\/div>\n\n  -->\n\t\t\t\t\t<\/div>\n","protected":false},"excerpt":{"rendered":"<p>Poste tumbado por cami\u00f3n urb. Garden Hill (Foto: Edenorte) EL NUEVO DIARIO, SANTIAGO.\u2013 La Gerencia de Mantenimiento del Sector Santiago, adscrita a la Direcci\u00f3n de Distribuci\u00f3n de Edenorte Dominicana, alert\u00f3 este domingo sobre el fuerte impacto que han tenido los accidentes de tr\u00e1nsito en la infraestructura el\u00e9ctrica durante el a\u00f1o 2025, tras registrarse 71 accidentes<\/p>\n","protected":false},"author":1,"featured_media":11472,"comment_status":"open","ping_status":"open","sticky":false,"template":"","format":"standard","meta":{"footnotes":""},"categories":[1],"tags":[],"class_list":["post-11471","post","type-post","status-publish","format-standard","has-post-thumbnail","hentry","category-nacionales"],"_links":{"self":[{"href":"https:\/\/acronoticias.com\/index.php\/wp-json\/wp\/v2\/posts\/11471","targetHints":{"allow":["GET"]}}],"collection":[{"href":"https:\/\/acronoticias.com\/index.php\/wp-json\/wp\/v2\/posts"}],"about":[{"href":"https:\/\/acronoticias.com\/index.php\/wp-json\/wp\/v2\/types\/post"}],"author":[{"embeddable":true,"href":"https:\/\/acronoticias.com\/index.php\/wp-json\/wp\/v2\/users\/1"}],"replies":[{"embeddable":true,"href":"https:\/\/acronoticias.com\/index.php\/wp-json\/wp\/v2\/comments?post=11471"}],"version-history":[{"count":0,"href":"https:\/\/acronoticias.com\/index.php\/wp-json\/wp\/v2\/posts\/11471\/revisions"}],"wp:featuredmedia":[{"embeddable":true,"href":"https:\/\/acronoticias.com\/index.php\/wp-json\/wp\/v2\/media\/11472"}],"wp:attachment":[{"href":"https:\/\/acronoticias.com\/index.php\/wp-json\/wp\/v2\/media?parent=11471"}],"wp:term":[{"taxonomy":"category","embeddable":true,"href":"https:\/\/acronoticias.com\/index.php\/wp-json\/wp\/v2\/categories?post=11471"},{"taxonomy":"post_tag","embeddable":true,"href":"https:\/\/acronoticias.com\/index.php\/wp-json\/wp\/v2\/tags?post=11471"}],"curies":[{"name":"wp","href":"https:\/\/api.w.org\/{rel}","templated":true}]}}