{"id":10656,"date":"2025-12-23T21:12:57","date_gmt":"2025-12-23T21:12:57","guid":{"rendered":"https:\/\/acronoticias.com\/index.php\/2025\/12\/23\/leonel-y-omar-fernandez-padre-e-hijo-que-se-unen-en-entrega-de-cajas-navidenas-el-nuevo-diario-republica-dominicana\/"},"modified":"2025-12-23T21:12:57","modified_gmt":"2025-12-23T21:12:57","slug":"leonel-y-omar-fernandez-padre-e-hijo-que-se-unen-en-entrega-de-cajas-navidenas-el-nuevo-diario-republica-dominicana","status":"publish","type":"post","link":"https:\/\/acronoticias.com\/index.php\/2025\/12\/23\/leonel-y-omar-fernandez-padre-e-hijo-que-se-unen-en-entrega-de-cajas-navidenas-el-nuevo-diario-republica-dominicana\/","title":{"rendered":"Leonel y Omar Fern\u00e1ndez, padre e hijo que se unen en entrega de cajas navide\u00f1as \u2013 El Nuevo Diario (Rep\u00fablica Dominicana)"},"content":{"rendered":"<p><i class=\"bi bi-camera-fill\" style=\"font-size:18px; color:var(--rojo)\"\/> Leonel y Omar Fern\u00e1ndez en entrega de cajas. (Foto: Napole\u00f3n Marte\/ El Nuevo Diario)<\/p>\n<div>\n<p><strong>EL NUEVO DIARIO, SANTO DOMINGO. \u2013<\/strong> El expresidente de la Rep\u00fablica, Leonel Fern\u00e1ndez, integr\u00f3 este martes a su hijo, el senador del Distrito Nacional, Omar Fern\u00e1ndez, en la tradicional entrega de cajas navide\u00f1as a sectores vulnerables del pa\u00eds, que cada a\u00f1o realiza el partido la Fuerza del Pueblo.<\/p>\n<p>Leonel y Omar asistieron a la Casa Nacional del partido Fuerza del Pueblo para recibir a ciudadanos de diversos sectores que acudieron a recibir los productos que eran entregados para la cena de Nochebuena.<\/p>\n<p>Durante la actividad estuvieron presentes diversos miembros del partido, como Rafael Paz, presidente de la organizaci\u00f3n pol\u00edtica en el Distrito Nacional, as\u00ed como representantes, dirigentes y presidentes de distintas circunscripciones, detall\u00f3 el partido en un comunicado.<\/p>\n<figure id=\"attachment_2945551\" aria-describedby=\"caption-attachment-2945551\" style=\"width: 1280px\" class=\"wp-caption alignnone\"><img loading=\"lazy\" data-recalc-dims=\"1\" data-dominant-color=\"898c81\" data-has-transparency=\"false\" style=\"--dominant-color: #898c81;\" decoding=\"async\" class=\"wp-image-2945551 size-full not-transparent\" src=\"https:\/\/i0.wp.com\/nuevodiario-assets.s3.us-east-2.amazonaws.com\/wp-content\/uploads\/2025\/12\/WhatsApp-Image-2025-12-23-at-11.21.12-AM-4.jpeg?resize=640%2C426&amp;quality=100&amp;ssl=1\" alt=\"\" width=\"640\" height=\"426\" srcset=\"https:\/\/nuevodiario-assets.s3.us-east-2.amazonaws.com\/wp-content\/uploads\/2025\/12\/WhatsApp-Image-2025-12-23-at-11.21.12-AM-4.jpeg 1280w, https:\/\/nuevodiario-assets.s3.us-east-2.amazonaws.com\/wp-content\/uploads\/2025\/12\/WhatsApp-Image-2025-12-23-at-11.21.12-AM-4.jpeg 400w, https:\/\/nuevodiario-assets.s3.us-east-2.amazonaws.com\/wp-content\/uploads\/2025\/12\/WhatsApp-Image-2025-12-23-at-11.21.12-AM-4.jpeg 800w, https:\/\/nuevodiario-assets.s3.us-east-2.amazonaws.com\/wp-content\/uploads\/2025\/12\/WhatsApp-Image-2025-12-23-at-11.21.12-AM-4.jpeg 768w, https:\/\/nuevodiario-assets.s3.us-east-2.amazonaws.com\/wp-content\/uploads\/2025\/12\/WhatsApp-Image-2025-12-23-at-11.21.12-AM-4.jpeg 600w\" sizes=\"auto, (max-width: 640px) 100vw, 640px\"\/><figcaption id=\"caption-attachment-2945551\" class=\"wp-caption-text\"><strong>Leonel y Omar Fern\u00e1ndez en entrega de cajas. (Foto: Napole\u00f3n Marte\/ El Nuevo Diario)<\/strong><\/figcaption><\/figure>\n<p>Fern\u00e1ndez cumplir\u00e1 con una agenda en diversas comunidades y circunscripciones de Santiago, donde continuar\u00e1 con la entrega de cajas navide\u00f1as, en horas de la tarde, en coordinaci\u00f3n con las direcciones partidarias locales y organizaciones comunitarias; adem\u00e1s cenar\u00e1 con una familia de la Ciudad Coraz\u00f3n.<\/p>\n<figure id=\"attachment_2945552\" aria-describedby=\"caption-attachment-2945552\" style=\"width: 1280px\" class=\"wp-caption alignnone\"><img data-recalc-dims=\"1\" data-dominant-color=\"7e6d66\" data-has-transparency=\"false\" style=\"--dominant-color: #7e6d66;\" loading=\"lazy\" decoding=\"async\" class=\"wp-image-2945552 size-full not-transparent\" src=\"https:\/\/i0.wp.com\/nuevodiario-assets.s3.us-east-2.amazonaws.com\/wp-content\/uploads\/2025\/12\/WhatsApp-Image-2025-12-23-at-11.21.11-AM-2.jpeg?resize=640%2C426&amp;quality=100&amp;ssl=1\" alt=\"\" width=\"640\" height=\"426\" srcset=\"https:\/\/nuevodiario-assets.s3.us-east-2.amazonaws.com\/wp-content\/uploads\/2025\/12\/WhatsApp-Image-2025-12-23-at-11.21.11-AM-2.jpeg 1280w, https:\/\/nuevodiario-assets.s3.us-east-2.amazonaws.com\/wp-content\/uploads\/2025\/12\/WhatsApp-Image-2025-12-23-at-11.21.11-AM-2.jpeg 400w, https:\/\/nuevodiario-assets.s3.us-east-2.amazonaws.com\/wp-content\/uploads\/2025\/12\/WhatsApp-Image-2025-12-23-at-11.21.11-AM-2.jpeg 800w, https:\/\/nuevodiario-assets.s3.us-east-2.amazonaws.com\/wp-content\/uploads\/2025\/12\/WhatsApp-Image-2025-12-23-at-11.21.11-AM-2.jpeg 768w, https:\/\/nuevodiario-assets.s3.us-east-2.amazonaws.com\/wp-content\/uploads\/2025\/12\/WhatsApp-Image-2025-12-23-at-11.21.11-AM-2.jpeg 600w\" sizes=\"auto, (max-width: 640px) 100vw, 640px\"\/><figcaption id=\"caption-attachment-2945552\" class=\"wp-caption-text\"><strong>Ciudadanos recibiendo cajas de FP. (Foto: Napole\u00f3n Marte\/ El Nuevo Diario)<\/strong><\/figcaption><\/figure>\n<p>La entrega de raciones alimenticias se ha hecho costumbre en la organizaci\u00f3n pol\u00edtica en la v\u00edspera de Nochebuena, la cual se ha tenido lugar en provincias como San Crist\u00f3bal, Distrito Nacional y otras localidades del pa\u00eds.<\/p>\n<figure id=\"attachment_2945555\" aria-describedby=\"caption-attachment-2945555\" style=\"width: 1320px\" class=\"wp-caption alignnone\"><img data-recalc-dims=\"1\" data-dominant-color=\"667b80\" data-has-transparency=\"false\" style=\"--dominant-color: #667b80;\" loading=\"lazy\" decoding=\"async\" class=\"wp-image-2945555 size-full not-transparent\" src=\"https:\/\/i0.wp.com\/nuevodiario-assets.s3.us-east-2.amazonaws.com\/wp-content\/uploads\/2025\/12\/WhatsApp-Image-2025-12-23-at-4.33.16-PM.jpeg?resize=640%2C451&amp;quality=100&amp;ssl=1\" alt=\"\" width=\"640\" height=\"451\" srcset=\"https:\/\/nuevodiario-assets.s3.us-east-2.amazonaws.com\/wp-content\/uploads\/2025\/12\/WhatsApp-Image-2025-12-23-at-4.33.16-PM.jpeg 1320w, https:\/\/nuevodiario-assets.s3.us-east-2.amazonaws.com\/wp-content\/uploads\/2025\/12\/WhatsApp-Image-2025-12-23-at-4.33.16-PM.jpeg 400w, https:\/\/nuevodiario-assets.s3.us-east-2.amazonaws.com\/wp-content\/uploads\/2025\/12\/WhatsApp-Image-2025-12-23-at-4.33.16-PM.jpeg 800w, https:\/\/nuevodiario-assets.s3.us-east-2.amazonaws.com\/wp-content\/uploads\/2025\/12\/WhatsApp-Image-2025-12-23-at-4.33.16-PM.jpeg 768w, https:\/\/nuevodiario-assets.s3.us-east-2.amazonaws.com\/wp-content\/uploads\/2025\/12\/WhatsApp-Image-2025-12-23-at-4.33.16-PM.jpeg 600w\" sizes=\"auto, (max-width: 640px) 100vw, 640px\"\/><figcaption id=\"caption-attachment-2945555\" class=\"wp-caption-text\"><strong>Rafael Paz, Omar y Leonel Fern\u00e1ndez. (Foto: Napole\u00f3n Marte\/ El Nuevo Diario)<\/strong><\/figcaption><\/figure>\n<p>El exmandatario inici\u00f3 este tipo de donaciones mientras era presidente de la Rep\u00fablica, la cual ha persistido pese a no estar en el gobierno.<\/p>\n<p><h3 class=\"jp-relatedposts-headline\"><em>Relacionado<\/em><\/h3>\n<\/p>\n<p>\t\t\t\t\t\t<!-- .entry-footer --><br \/>\n\t\t\t\t\t\t<!-- \n\n<div data-type=\"_mgwidget\" data-widget-id=\"1743501\"><\/div>\n\n  -->\n\t\t\t\t\t<\/div>\n","protected":false},"excerpt":{"rendered":"<p>Leonel y Omar Fern\u00e1ndez en entrega de cajas. (Foto: Napole\u00f3n Marte\/ El Nuevo Diario) EL NUEVO DIARIO, SANTO DOMINGO. \u2013 El expresidente de la Rep\u00fablica, Leonel Fern\u00e1ndez, integr\u00f3 este martes a su hijo, el senador del Distrito Nacional, Omar Fern\u00e1ndez, en la tradicional entrega de cajas navide\u00f1as a sectores vulnerables del pa\u00eds, que cada a\u00f1o<\/p>\n","protected":false},"author":1,"featured_media":10657,"comment_status":"open","ping_status":"open","sticky":false,"template":"","format":"standard","meta":{"footnotes":""},"categories":[1],"tags":[],"class_list":["post-10656","post","type-post","status-publish","format-standard","has-post-thumbnail","hentry","category-nacionales"],"_links":{"self":[{"href":"https:\/\/acronoticias.com\/index.php\/wp-json\/wp\/v2\/posts\/10656","targetHints":{"allow":["GET"]}}],"collection":[{"href":"https:\/\/acronoticias.com\/index.php\/wp-json\/wp\/v2\/posts"}],"about":[{"href":"https:\/\/acronoticias.com\/index.php\/wp-json\/wp\/v2\/types\/post"}],"author":[{"embeddable":true,"href":"https:\/\/acronoticias.com\/index.php\/wp-json\/wp\/v2\/users\/1"}],"replies":[{"embeddable":true,"href":"https:\/\/acronoticias.com\/index.php\/wp-json\/wp\/v2\/comments?post=10656"}],"version-history":[{"count":0,"href":"https:\/\/acronoticias.com\/index.php\/wp-json\/wp\/v2\/posts\/10656\/revisions"}],"wp:featuredmedia":[{"embeddable":true,"href":"https:\/\/acronoticias.com\/index.php\/wp-json\/wp\/v2\/media\/10657"}],"wp:attachment":[{"href":"https:\/\/acronoticias.com\/index.php\/wp-json\/wp\/v2\/media?parent=10656"}],"wp:term":[{"taxonomy":"category","embeddable":true,"href":"https:\/\/acronoticias.com\/index.php\/wp-json\/wp\/v2\/categories?post=10656"},{"taxonomy":"post_tag","embeddable":true,"href":"https:\/\/acronoticias.com\/index.php\/wp-json\/wp\/v2\/tags?post=10656"}],"curies":[{"name":"wp","href":"https:\/\/api.w.org\/{rel}","templated":true}]}}